{"id":30270,"date":"2020-07-09T15:19:22","date_gmt":"2020-07-09T15:19:22","guid":{"rendered":"https:\/\/sertv.gob.pa\/crisolfm\/?p=30270"},"modified":"2020-07-09T15:19:22","modified_gmt":"2020-07-09T15:19:22","slug":"muere-el-actor-y-cantante-venezolano-daniel-alvarado","status":"publish","type":"post","link":"https:\/\/sertv.gob.pa\/crisolfm\/muere-el-actor-y-cantante-venezolano-daniel-alvarado\/","title":{"rendered":"Muere el actor y cantante venezolano Daniel Alvarado"},"content":{"rendered":"<p>El actor y cantante venezolano, Daniel Alvarado, falleci\u00f3 a los 70 a\u00f1os, seg\u00fan dio a conocer este mi\u00e9rcoles su hija, Daniela Alvarado, a trav\u00e9s de su cuenta de Instagram.<\/p>\n<p>\u201cHasta el \u00faltimo momento se mantuvo activo y feliz en compa\u00f1\u00eda de sus m\u00e1s cercanos afectos. Daniel nos deja un legado de amor a su familia, a su carrera y a su pa\u00eds\u201d, escribi\u00f3 la hija del artista.<\/p>\n<p>Se desconoce la causa de muerte de Daniel Alvarado, quien era oriundo del estado Zulia.<\/p>\n<p>\u201cSu amplia y exitosa carrera actoral en el cine, teatro y televisi\u00f3n fueron el reflejo de la pasi\u00f3n y el entusiasmo que lo caracteriz\u00f3. As\u00ed queremos recordarlo\u201d, escribi\u00f3 su hija.<\/p>\n<p>\u201cHoy el cielo se llena de gaita, de arte y sentir zuliano\u2026por la llegada del Negrito Fullero\u201d, cierra el mensaje de Daniela Alvarado.<\/p>\n<p>&nbsp;<\/p>\n<p>Fuente:\u00a0 CNN Espa\u00f1ol<\/p>\n","protected":false},"excerpt":{"rendered":"<p>El actor y cantante venezolano, Daniel Alvarado, falleci\u00f3 a los <a href=\"https:\/\/sertv.gob.pa\/crisolfm\/muere-el-actor-y-cantante-venezolano-daniel-alvarado\/\"> [&#8230;]<\/a><\/p>\n","protected":false},"author":64,"featured_media":30271,"comment_status":"closed","ping_status":"closed","sticky":false,"template":"","format":"standard","meta":{"footnotes":""},"categories":[6],"tags":[],"class_list":["post-30270","post","type-post","status-publish","format-standard","has-post-thumbnail","hentry","category-culturales"],"_links":{"self":[{"href":"https:\/\/sertv.gob.pa\/crisolfm\/wp-json\/wp\/v2\/posts\/30270","targetHints":{"allow":["GET"]}}],"collection":[{"href":"https:\/\/sertv.gob.pa\/crisolfm\/wp-json\/wp\/v2\/posts"}],"about":[{"href":"https:\/\/sertv.gob.pa\/crisolfm\/wp-json\/wp\/v2\/types\/post"}],"author":[{"embeddable":true,"href":"https:\/\/sertv.gob.pa\/crisolfm\/wp-json\/wp\/v2\/users\/64"}],"replies":[{"embeddable":true,"href":"https:\/\/sertv.gob.pa\/crisolfm\/wp-json\/wp\/v2\/comments?post=30270"}],"version-history":[{"count":1,"href":"https:\/\/sertv.gob.pa\/crisolfm\/wp-json\/wp\/v2\/posts\/30270\/revisions"}],"predecessor-version":[{"id":30272,"href":"https:\/\/sertv.gob.pa\/crisolfm\/wp-json\/wp\/v2\/posts\/30270\/revisions\/30272"}],"wp:featuredmedia":[{"embeddable":true,"href":"https:\/\/sertv.gob.pa\/crisolfm\/wp-json\/wp\/v2\/media\/30271"}],"wp:attachment":[{"href":"https:\/\/sertv.gob.pa\/crisolfm\/wp-json\/wp\/v2\/media?parent=30270"}],"wp:term":[{"taxonomy":"category","embeddable":true,"href":"https:\/\/sertv.gob.pa\/crisolfm\/wp-json\/wp\/v2\/categories?post=30270"},{"taxonomy":"post_tag","embeddable":true,"href":"https:\/\/sertv.gob.pa\/crisolfm\/wp-json\/wp\/v2\/tags?post=30270"}],"curies":[{"name":"wp","href":"https:\/\/api.w.org\/{rel}","templated":true}]}}