{"id":30293,"date":"2020-07-09T17:54:33","date_gmt":"2020-07-09T17:54:33","guid":{"rendered":"https:\/\/sertv.gob.pa\/crisolfm\/?p=30293"},"modified":"2020-07-09T17:54:33","modified_gmt":"2020-07-09T17:54:33","slug":"the-crown-tendra-finalmente-una-sexta-temporada","status":"publish","type":"post","link":"https:\/\/sertv.gob.pa\/crisolfm\/the-crown-tendra-finalmente-una-sexta-temporada\/","title":{"rendered":"\u00abThe Crown\u00bb tendr\u00e1 finalmente una sexta temporada"},"content":{"rendered":"<p>La serie \u00abThe Crown\u00bb, que cuenta la historia de la reina Isabel II de Inglaterra desde que sucedi\u00f3 a su padre Jorge VI en el trono, tendr\u00e1 finalmente una sexta temporada, seg\u00fan confirm\u00f3 este jueves su creador, Peter Morgan.<\/p>\n<p>El anuncio de la extensi\u00f3n de \u201cThe Crown\u201d, que comenz\u00f3 a emitirse en Netflix en 2016, llega despu\u00e9s de que a principios de este a\u00f1o el equipo fijara su final en la quinta temporada.<\/p>\n<p>\u201cCuando empezamos a discutir las historias para la temporada cinco, nos dimos cuenta de que para hacer justicia a la riqueza y complejidad de la historia deb\u00edamos volver al plan original y hacer seis\u201d, se\u00f1al\u00f3 Morgan.<\/p>\n<p>\u201cPara ser claros, la sexta temporada no nos llevar\u00e1 hasta la actualidad, simplemente nos permitir\u00e1 cubrir el mismo periodo de tiempo con m\u00e1s detalle\u201d, a\u00f1adi\u00f3.<\/p>\n<p>La etapa final llegar\u00e1 hasta la d\u00e9cada de los 2000, aunque a\u00fan no se ha desvelado el n\u00famero de episodios ni las l\u00edneas de la historia que desarrollar\u00e1.<\/p>\n<p>La cuarta parte de la serie se estrenar\u00e1 a finales de a\u00f1o, con la actriz Olivia Colman en el papel de la reina, la brit\u00e1nica Gillian Anderson como la ex primera ministra Margaret Thatcher, y la interpretaci\u00f3n de Emma Corrin como la princesa Diana de Gales.<\/p>\n<p>Para la quinta temporada, la actriz Imelda Staunon sustituir\u00e1 a Colman, quien debut\u00f3 en el papel de reina en la tercera al tomar el relevo de Claire Foy, encargada de darle vida en la primera y segunda parte de la serie.<\/p>\n<p>El vicepresidente de contenido original de Neftlix, Cindy Holland, felicit\u00f3 a \u201cThe Crown\u201d por \u201cseguir subiendo el list\u00f3n\u201d.<\/p>\n<p>\u201cNo podemos esperar a que el p\u00fablico vea la pr\u00f3xima cuarta temporada, y estamos orgullosos de apoyar la visi\u00f3n de Peter y el reparto, su fenomenal equipo para una sexta y \u00faltima temporada&#8217;, concluy\u00f3.<\/p>\n<p>&nbsp;<\/p>\n<p>Fuente:\u00a0 EFE<\/p>\n","protected":false},"excerpt":{"rendered":"<p>La serie \u00abThe Crown\u00bb, que cuenta la historia de la <a href=\"https:\/\/sertv.gob.pa\/crisolfm\/the-crown-tendra-finalmente-una-sexta-temporada\/\"> [&#8230;]<\/a><\/p>\n","protected":false},"author":64,"featured_media":30294,"comment_status":"closed","ping_status":"closed","sticky":false,"template":"","format":"standard","meta":{"footnotes":""},"categories":[6],"tags":[],"class_list":["post-30293","post","type-post","status-publish","format-standard","has-post-thumbnail","hentry","category-culturales"],"_links":{"self":[{"href":"https:\/\/sertv.gob.pa\/crisolfm\/wp-json\/wp\/v2\/posts\/30293","targetHints":{"allow":["GET"]}}],"collection":[{"href":"https:\/\/sertv.gob.pa\/crisolfm\/wp-json\/wp\/v2\/posts"}],"about":[{"href":"https:\/\/sertv.gob.pa\/crisolfm\/wp-json\/wp\/v2\/types\/post"}],"author":[{"embeddable":true,"href":"https:\/\/sertv.gob.pa\/crisolfm\/wp-json\/wp\/v2\/users\/64"}],"replies":[{"embeddable":true,"href":"https:\/\/sertv.gob.pa\/crisolfm\/wp-json\/wp\/v2\/comments?post=30293"}],"version-history":[{"count":1,"href":"https:\/\/sertv.gob.pa\/crisolfm\/wp-json\/wp\/v2\/posts\/30293\/revisions"}],"predecessor-version":[{"id":30295,"href":"https:\/\/sertv.gob.pa\/crisolfm\/wp-json\/wp\/v2\/posts\/30293\/revisions\/30295"}],"wp:featuredmedia":[{"embeddable":true,"href":"https:\/\/sertv.gob.pa\/crisolfm\/wp-json\/wp\/v2\/media\/30294"}],"wp:attachment":[{"href":"https:\/\/sertv.gob.pa\/crisolfm\/wp-json\/wp\/v2\/media?parent=30293"}],"wp:term":[{"taxonomy":"category","embeddable":true,"href":"https:\/\/sertv.gob.pa\/crisolfm\/wp-json\/wp\/v2\/categories?post=30293"},{"taxonomy":"post_tag","embeddable":true,"href":"https:\/\/sertv.gob.pa\/crisolfm\/wp-json\/wp\/v2\/tags?post=30293"}],"curies":[{"name":"wp","href":"https:\/\/api.w.org\/{rel}","templated":true}]}}