{"id":30309,"date":"2020-07-10T14:07:07","date_gmt":"2020-07-10T14:07:07","guid":{"rendered":"https:\/\/sertv.gob.pa\/crisolfm\/?p=30309"},"modified":"2020-07-10T14:07:07","modified_gmt":"2020-07-10T14:07:07","slug":"busqueda-de-la-actriz-naya-rivera-pasa-de-rescate-a-recuperacion-del-cuerpo","status":"publish","type":"post","link":"https:\/\/sertv.gob.pa\/crisolfm\/busqueda-de-la-actriz-naya-rivera-pasa-de-rescate-a-recuperacion-del-cuerpo\/","title":{"rendered":"B\u00fasqueda de la actriz Naya Rivera pasa de rescate a recuperaci\u00f3n del cuerpo"},"content":{"rendered":"<p>Las labores de b\u00fasqueda de la actriz Naya Rivera, desaparecida tras caer al agua en un lago al norte de Los \u00c1ngeles (EE.UU.), pasar\u00e1n a ser de recuperaci\u00f3n del cuerpo en lugar de rescate, indicaron las autoridades este jueves en una rueda de prensa.<\/p>\n<p>La Polic\u00eda de Ventura, un condado al norte de la ciudad californiana, busca a la actriz de origen puertorrique\u00f1o y una de las caras m\u00e1s reconocidas de la serie de televisi\u00f3n \u00abGlee\u00bb desde la tarde del mi\u00e9rcoles, despu\u00e9s de encontrar a su hijo en el Lago Piru durmiendo solo en una embarcaci\u00f3n que Rivera alquil\u00f3.<\/p>\n<p>\u00abTrabajamos con la hip\u00f3tesis de que cay\u00f3 al agua y no hemos podido localizarla. Puede ser un caso de ahogamiento\u00bb, indic\u00f3 el capit\u00e1n de la oficina del sheriff del Condado de Ventura, Eric Buschow, a los medios de comunicaci\u00f3n.<\/p>\n<p>Seg\u00fan esta unidad, m\u00e1s de 80 profesionales trabajan en la b\u00fasqueda de Rivera, a los que se unir\u00e1n equipos especiales de Los \u00c1ngeles y otros condados del sur de California.<\/p>\n<p>En la tarde del mi\u00e9rcoles, y a pesar de utilizar helic\u00f3pteros, drones y equipos de buceo, no se dio con el paradero de Rivera en el Lago Piru, un reserva de 500 hect\u00e1reas, y la operaci\u00f3n se detuvo en la noche para continuar en el amanecer del jueves.<\/p>\n<p>Lo que se ha confirmado hasta el momento es que la actriz alquil\u00f3 en torno a la 13.00 hora local una embarcaci\u00f3n de recreo con su hijo de 4 a\u00f1os pero a las tres horas un segundo bote encontr\u00f3 al menor solo y dormido con un chaleco salvavidas.<\/p>\n<p>Un d\u00eda antes, Rivera public\u00f3 en Twitter una fotograf\u00eda de los dos juntos con el mensaje \u00absolo nosotros dos\u00bb.<\/p>\n<p>Las autoridades han aclarado que el menor estaba ileso y cont\u00f3 que sali\u00f3 a nadar con su madre, pero ella nunca regres\u00f3.<\/p>\n<p>En la embarcaci\u00f3n alquilada se localiz\u00f3 un segundo chaleco salvavidas para adultos sin utilizar, seg\u00fan los primeros reportes.<\/p>\n<p>Rivera es muy conocida por su papel como Santana L\u00f3pez en la popular serie musical \u00abGlee\u00bb (2009-2015), y tambi\u00e9n ha figurado en los cr\u00e9ditos del show televisivo \u00abDevious Maids\u00bb y del filme de terror \u00abAt the Devil&#8217;s Door\u00bb (2014).<\/p>\n<p>&nbsp;<\/p>\n<p>Fuente:\u00a0 EFE<\/p>\n","protected":false},"excerpt":{"rendered":"<p>Las labores de b\u00fasqueda de la actriz Naya Rivera, desaparecida <a href=\"https:\/\/sertv.gob.pa\/crisolfm\/busqueda-de-la-actriz-naya-rivera-pasa-de-rescate-a-recuperacion-del-cuerpo\/\"> [&#8230;]<\/a><\/p>\n","protected":false},"author":64,"featured_media":30311,"comment_status":"closed","ping_status":"closed","sticky":false,"template":"","format":"standard","meta":{"footnotes":""},"categories":[6],"tags":[],"class_list":["post-30309","post","type-post","status-publish","format-standard","has-post-thumbnail","hentry","category-culturales"],"_links":{"self":[{"href":"https:\/\/sertv.gob.pa\/crisolfm\/wp-json\/wp\/v2\/posts\/30309","targetHints":{"allow":["GET"]}}],"collection":[{"href":"https:\/\/sertv.gob.pa\/crisolfm\/wp-json\/wp\/v2\/posts"}],"about":[{"href":"https:\/\/sertv.gob.pa\/crisolfm\/wp-json\/wp\/v2\/types\/post"}],"author":[{"embeddable":true,"href":"https:\/\/sertv.gob.pa\/crisolfm\/wp-json\/wp\/v2\/users\/64"}],"replies":[{"embeddable":true,"href":"https:\/\/sertv.gob.pa\/crisolfm\/wp-json\/wp\/v2\/comments?post=30309"}],"version-history":[{"count":1,"href":"https:\/\/sertv.gob.pa\/crisolfm\/wp-json\/wp\/v2\/posts\/30309\/revisions"}],"predecessor-version":[{"id":30312,"href":"https:\/\/sertv.gob.pa\/crisolfm\/wp-json\/wp\/v2\/posts\/30309\/revisions\/30312"}],"wp:featuredmedia":[{"embeddable":true,"href":"https:\/\/sertv.gob.pa\/crisolfm\/wp-json\/wp\/v2\/media\/30311"}],"wp:attachment":[{"href":"https:\/\/sertv.gob.pa\/crisolfm\/wp-json\/wp\/v2\/media?parent=30309"}],"wp:term":[{"taxonomy":"category","embeddable":true,"href":"https:\/\/sertv.gob.pa\/crisolfm\/wp-json\/wp\/v2\/categories?post=30309"},{"taxonomy":"post_tag","embeddable":true,"href":"https:\/\/sertv.gob.pa\/crisolfm\/wp-json\/wp\/v2\/tags?post=30309"}],"curies":[{"name":"wp","href":"https:\/\/api.w.org\/{rel}","templated":true}]}}