{"id":30338,"date":"2020-07-10T16:41:04","date_gmt":"2020-07-10T16:41:04","guid":{"rendered":"https:\/\/sertv.gob.pa\/crisolfm\/?p=30338"},"modified":"2020-07-10T16:41:04","modified_gmt":"2020-07-10T16:41:04","slug":"lana-del-rey-publicara-su-primer-libro-de-poesia-en-septiembre","status":"publish","type":"post","link":"https:\/\/sertv.gob.pa\/crisolfm\/lana-del-rey-publicara-su-primer-libro-de-poesia-en-septiembre\/","title":{"rendered":"Lana del Rey publicar\u00e1 su primer libro de poes\u00eda en septiembre"},"content":{"rendered":"<p>La cantante y compositora estadounidense, Lana del Rey, publicar\u00e1 el 29 de septiembre su debut literario \u00abViolet Bent Backwards Over the Grass\u00bb, un libro de poes\u00eda que acompa\u00f1ar\u00e1 de un disco en el que recitar\u00e1 los versos con m\u00fasica.<\/p>\n<p>Mientras que la edici\u00f3n impresa del libro y las copias f\u00edsicas del disco no llegar\u00e1n hasta finales de verano, los seguidores podr\u00e1n escuchar los poemas en audio desde el 28 de julio a trav\u00e9s de internet, asegur\u00f3 la artista este jueves en sus redes sociales.<\/p>\n<p>\u00abHe estado escribiendo poemas durante los \u00faltimos a\u00f1os y me emociona compartirlos con vosotros\u00bb, indic\u00f3 la autora de \u00abVideo Games\u00bb en un video grabado en Los \u00c1ngeles.<\/p>\n<p>Todos los beneficios de las ventas se destinar\u00e1n a Navajo Water Project, una organizaci\u00f3n solidaria que beneficia a las comunidades ind\u00edgenas de Nuevo M\u00e9xico, Utah y Arizona, asegur\u00f3 Del Rey, cuyo nombre de pila es Elizabeth Woolridge Grant.<\/p>\n<p>Como ya hab\u00eda anticipado previamente, \u00abViolet Bent Backwards Over the Grass\u00bb ser\u00e1 de un disco de \u00abspoken word\u00bb (m\u00e1s recitado que cantado) y tomar\u00e1 el relevo de \u00abNorman Fucking Rockwell\u00bb (2019), su sexto \u00e1lbum de estudio en 7 a\u00f1os que logr\u00f3 la nominaci\u00f3n al Grammy y figur\u00f3 en las listas de los mejores trabajos del a\u00f1o.<\/p>\n<p>\u00abLana Del Rey es una artista que define la \u00e9poca. Ella es una creadora de mitos y una autora visionaria que es capaz de articular y crear el ambiente para un momento cultural \u00ab, dijo Stuart Roberts, editor principal de Simon &amp; Schuster.<\/p>\n<p>Fuente:\u00a0 EFE<\/p>\n<p>&nbsp;<\/p>\n","protected":false},"excerpt":{"rendered":"<p>La cantante y compositora estadounidense, Lana del Rey, publicar\u00e1 el <a href=\"https:\/\/sertv.gob.pa\/crisolfm\/lana-del-rey-publicara-su-primer-libro-de-poesia-en-septiembre\/\"> [&#8230;]<\/a><\/p>\n","protected":false},"author":64,"featured_media":30339,"comment_status":"closed","ping_status":"closed","sticky":false,"template":"","format":"standard","meta":{"footnotes":""},"categories":[6],"tags":[],"class_list":["post-30338","post","type-post","status-publish","format-standard","has-post-thumbnail","hentry","category-culturales"],"_links":{"self":[{"href":"https:\/\/sertv.gob.pa\/crisolfm\/wp-json\/wp\/v2\/posts\/30338","targetHints":{"allow":["GET"]}}],"collection":[{"href":"https:\/\/sertv.gob.pa\/crisolfm\/wp-json\/wp\/v2\/posts"}],"about":[{"href":"https:\/\/sertv.gob.pa\/crisolfm\/wp-json\/wp\/v2\/types\/post"}],"author":[{"embeddable":true,"href":"https:\/\/sertv.gob.pa\/crisolfm\/wp-json\/wp\/v2\/users\/64"}],"replies":[{"embeddable":true,"href":"https:\/\/sertv.gob.pa\/crisolfm\/wp-json\/wp\/v2\/comments?post=30338"}],"version-history":[{"count":1,"href":"https:\/\/sertv.gob.pa\/crisolfm\/wp-json\/wp\/v2\/posts\/30338\/revisions"}],"predecessor-version":[{"id":30344,"href":"https:\/\/sertv.gob.pa\/crisolfm\/wp-json\/wp\/v2\/posts\/30338\/revisions\/30344"}],"wp:featuredmedia":[{"embeddable":true,"href":"https:\/\/sertv.gob.pa\/crisolfm\/wp-json\/wp\/v2\/media\/30339"}],"wp:attachment":[{"href":"https:\/\/sertv.gob.pa\/crisolfm\/wp-json\/wp\/v2\/media?parent=30338"}],"wp:term":[{"taxonomy":"category","embeddable":true,"href":"https:\/\/sertv.gob.pa\/crisolfm\/wp-json\/wp\/v2\/categories?post=30338"},{"taxonomy":"post_tag","embeddable":true,"href":"https:\/\/sertv.gob.pa\/crisolfm\/wp-json\/wp\/v2\/tags?post=30338"}],"curies":[{"name":"wp","href":"https:\/\/api.w.org\/{rel}","templated":true}]}}