{"id":30357,"date":"2020-07-10T17:41:09","date_gmt":"2020-07-10T17:41:09","guid":{"rendered":"https:\/\/sertv.gob.pa\/crisolfm\/?p=30357"},"modified":"2020-07-10T17:41:09","modified_gmt":"2020-07-10T17:41:09","slug":"the-wonder-years-regresa-con-una-familia-negra-como-protagonista","status":"publish","type":"post","link":"https:\/\/sertv.gob.pa\/crisolfm\/the-wonder-years-regresa-con-una-familia-negra-como-protagonista\/","title":{"rendered":"\u201cThe Wonder Years\u201d regresa con una familia negra como protagonista"},"content":{"rendered":"<p>El famoso director Lee Daniels ser\u00e1 el productor ejecutivo. Y Fred Savage, la estrella de la serie original, dirigir\u00e1 el reinicio del exitoso programa, aunque esta vez construido en torno a una familia negra, anunci\u00f3 ABC este mi\u00e9rcoles.<\/p>\n<p>La comedia con cap\u00edtulos de media hora de duraci\u00f3n se centrar\u00e1 en c\u00f3mo una familia negra de clase media en Montgomery, Alabama, \u201cen los turbulentos finales de la d\u00e9cada de 1960, la misma era que la serie original, se asegur\u00f3 de que tambi\u00e9n fueran los a\u00f1os maravillosos (\u201cThe Wonder Years\u201d) para ellos\u201d, dijo la cadena.<\/p>\n<p>La reinvenci\u00f3n de la serie se produce en momentos en que los problemas de justicia racial han ocupado un lugar central en Hollywood y en todo el mundo tras la muerte de George Floyd bajo custodia policial.<\/p>\n<p>La serie original \u201cWonder Years\u201d fue una dramatizaci\u00f3n de la mayor\u00eda de edad centrada en el adolescente Kevin Arnold y su familia suburbana. Se desarroll\u00f3 de 1968 a 1973 y se transmiti\u00f3 en ABC de 1988 a 1993.<\/p>\n<p>El director Lee Daniels ha tenido una carrera aclamada, incluida una nominaci\u00f3n al Oscar por dirigir la pel\u00edcula de 2009 \u201cPrecious\u201d y su serie de Fox \u201cStar\u201d.<\/p>\n<p>Actualmente est\u00e1 trabajando en el lanzamiento de la pel\u00edcula \u201cThe United States vs. Billie Holiday\u201d, un drama basado en el caso judicial del legendario cantante.<\/p>\n<p>Y el actor Fred Savage se ha forjado una carrera por s\u00ed mismo, dirigiendo programas de televisi\u00f3n que incluyen \u201cModern Family\u201d, mientras contin\u00faa actuando en series como \u201cFriends from College\u201d y \u201cAmerican Dad!\u201d<\/p>\n<p>&nbsp;<\/p>\n<p>Fuente:\u00a0 CNN Espa\u00f1ol<\/p>\n","protected":false},"excerpt":{"rendered":"<p>El famoso director Lee Daniels ser\u00e1 el productor ejecutivo. Y <a href=\"https:\/\/sertv.gob.pa\/crisolfm\/the-wonder-years-regresa-con-una-familia-negra-como-protagonista\/\"> [&#8230;]<\/a><\/p>\n","protected":false},"author":64,"featured_media":30358,"comment_status":"closed","ping_status":"closed","sticky":false,"template":"","format":"standard","meta":{"footnotes":""},"categories":[6],"tags":[],"class_list":["post-30357","post","type-post","status-publish","format-standard","has-post-thumbnail","hentry","category-culturales"],"_links":{"self":[{"href":"https:\/\/sertv.gob.pa\/crisolfm\/wp-json\/wp\/v2\/posts\/30357","targetHints":{"allow":["GET"]}}],"collection":[{"href":"https:\/\/sertv.gob.pa\/crisolfm\/wp-json\/wp\/v2\/posts"}],"about":[{"href":"https:\/\/sertv.gob.pa\/crisolfm\/wp-json\/wp\/v2\/types\/post"}],"author":[{"embeddable":true,"href":"https:\/\/sertv.gob.pa\/crisolfm\/wp-json\/wp\/v2\/users\/64"}],"replies":[{"embeddable":true,"href":"https:\/\/sertv.gob.pa\/crisolfm\/wp-json\/wp\/v2\/comments?post=30357"}],"version-history":[{"count":1,"href":"https:\/\/sertv.gob.pa\/crisolfm\/wp-json\/wp\/v2\/posts\/30357\/revisions"}],"predecessor-version":[{"id":30359,"href":"https:\/\/sertv.gob.pa\/crisolfm\/wp-json\/wp\/v2\/posts\/30357\/revisions\/30359"}],"wp:featuredmedia":[{"embeddable":true,"href":"https:\/\/sertv.gob.pa\/crisolfm\/wp-json\/wp\/v2\/media\/30358"}],"wp:attachment":[{"href":"https:\/\/sertv.gob.pa\/crisolfm\/wp-json\/wp\/v2\/media?parent=30357"}],"wp:term":[{"taxonomy":"category","embeddable":true,"href":"https:\/\/sertv.gob.pa\/crisolfm\/wp-json\/wp\/v2\/categories?post=30357"},{"taxonomy":"post_tag","embeddable":true,"href":"https:\/\/sertv.gob.pa\/crisolfm\/wp-json\/wp\/v2\/tags?post=30357"}],"curies":[{"name":"wp","href":"https:\/\/api.w.org\/{rel}","templated":true}]}}