{"id":30400,"date":"2020-07-13T15:54:14","date_gmt":"2020-07-13T15:54:14","guid":{"rendered":"https:\/\/sertv.gob.pa\/crisolfm\/?p=30400"},"modified":"2020-07-13T15:54:14","modified_gmt":"2020-07-13T15:54:14","slug":"reabre-el-palacio-de-catalina-una-de-las-joyas-de-san-petersburgo","status":"publish","type":"post","link":"https:\/\/sertv.gob.pa\/crisolfm\/reabre-el-palacio-de-catalina-una-de-las-joyas-de-san-petersburgo\/","title":{"rendered":"Reabre el Palacio de Catalina, una de las joyas de San Petersburgo"},"content":{"rendered":"<p>El Palacio de Catalina, una de las joyas muse\u00edsticas de San Petersburgo, declarada Patrimonio de la Humanidad por la UNESCO, reabre este lunes sus puertas al p\u00fablico tras casi cuatro meses de cierre por la pandemia de coronavirus.<\/p>\n<p>El Palacio, fundado en 1717, abrir\u00e1 entre las 10.00 y las 18.00 horas, pero ofrecer\u00e1 \u00fanicamente una v\u00eda de circulaci\u00f3n por sus instalaciones, incluida la famosa Sala de \u00c1mbar, para evitar aglomeraciones y cruce entre flujos de visitantes.<\/p>\n<p>Los visitantes podr\u00e1n acceder al interior del palacio cada 15 minutos en grupos de 25 personas y acompa\u00f1ados por un audiogu\u00eda.<\/p>\n<p>Seg\u00fan las normas sanitarias, el uso de mascarillas y de guantes durante todo el tiempo que duren las excursiones ser\u00e1 obligatorio.<\/p>\n<p>La direcci\u00f3n del Palacio de Catalina tambi\u00e9n insta a sus visitantes a guardar una distancia f\u00edsica de entre 1,5 y 2 metros.<\/p>\n<p>Este mi\u00e9rcoles en San Petersburgo, que entra en la segunda fase de desescalada, reabrir\u00e1 tambi\u00e9n sus puertas el Museo del Hermitage.<\/p>\n<p>Seg\u00fan el director de la legendaria pinacoteca, Mija\u00edl Piotrovski, el Hermitage tratar\u00e1 por ahora de encontrar un balance entre las excursiones virtuales y presenciales a la espera de recuperar plenamente a su p\u00fablico dentro de unos meses.<\/p>\n<p>&nbsp;<\/p>\n<p>Fuente:\u00a0 EFE<\/p>\n","protected":false},"excerpt":{"rendered":"<p>El Palacio de Catalina, una de las joyas muse\u00edsticas de <a href=\"https:\/\/sertv.gob.pa\/crisolfm\/reabre-el-palacio-de-catalina-una-de-las-joyas-de-san-petersburgo\/\"> [&#8230;]<\/a><\/p>\n","protected":false},"author":64,"featured_media":30401,"comment_status":"closed","ping_status":"closed","sticky":false,"template":"","format":"standard","meta":{"footnotes":""},"categories":[6],"tags":[],"class_list":["post-30400","post","type-post","status-publish","format-standard","has-post-thumbnail","hentry","category-culturales"],"_links":{"self":[{"href":"https:\/\/sertv.gob.pa\/crisolfm\/wp-json\/wp\/v2\/posts\/30400","targetHints":{"allow":["GET"]}}],"collection":[{"href":"https:\/\/sertv.gob.pa\/crisolfm\/wp-json\/wp\/v2\/posts"}],"about":[{"href":"https:\/\/sertv.gob.pa\/crisolfm\/wp-json\/wp\/v2\/types\/post"}],"author":[{"embeddable":true,"href":"https:\/\/sertv.gob.pa\/crisolfm\/wp-json\/wp\/v2\/users\/64"}],"replies":[{"embeddable":true,"href":"https:\/\/sertv.gob.pa\/crisolfm\/wp-json\/wp\/v2\/comments?post=30400"}],"version-history":[{"count":1,"href":"https:\/\/sertv.gob.pa\/crisolfm\/wp-json\/wp\/v2\/posts\/30400\/revisions"}],"predecessor-version":[{"id":30402,"href":"https:\/\/sertv.gob.pa\/crisolfm\/wp-json\/wp\/v2\/posts\/30400\/revisions\/30402"}],"wp:featuredmedia":[{"embeddable":true,"href":"https:\/\/sertv.gob.pa\/crisolfm\/wp-json\/wp\/v2\/media\/30401"}],"wp:attachment":[{"href":"https:\/\/sertv.gob.pa\/crisolfm\/wp-json\/wp\/v2\/media?parent=30400"}],"wp:term":[{"taxonomy":"category","embeddable":true,"href":"https:\/\/sertv.gob.pa\/crisolfm\/wp-json\/wp\/v2\/categories?post=30400"},{"taxonomy":"post_tag","embeddable":true,"href":"https:\/\/sertv.gob.pa\/crisolfm\/wp-json\/wp\/v2\/tags?post=30400"}],"curies":[{"name":"wp","href":"https:\/\/api.w.org\/{rel}","templated":true}]}}