{"id":30430,"date":"2020-07-14T13:25:13","date_gmt":"2020-07-14T13:25:13","guid":{"rendered":"https:\/\/sertv.gob.pa\/crisolfm\/?p=30430"},"modified":"2020-07-14T13:25:13","modified_gmt":"2020-07-14T13:25:13","slug":"confirman-la-muerte-de-la-actriz-naya-rivera-tras-cinco-dias-de-busqueda","status":"publish","type":"post","link":"https:\/\/sertv.gob.pa\/crisolfm\/confirman-la-muerte-de-la-actriz-naya-rivera-tras-cinco-dias-de-busqueda\/","title":{"rendered":"Confirman la muerte de la actriz Naya Rivera tras cinco d\u00edas de b\u00fasqueda"},"content":{"rendered":"<p>La Polic\u00eda del Condado de Ventura (California, EE.UU.) confirm\u00f3 este lunes la muerte de la actriz Naya Rivera tras identificar su cuerpo en el lago donde desapareci\u00f3 el pasado mi\u00e9rcoles cuando sali\u00f3 a navegar con su hijo.<\/p>\n<p>El sheriff del condado, Bill Ayub, explic\u00f3 en una rueda de prensa que \u00abconf\u00edan\u00bb en que el cuerpo localizado corresponde a la actriz \u00abseg\u00fan la ubicaci\u00f3n donde se encontr\u00f3, las caracter\u00edsticas de la vestimenta y la condici\u00f3n f\u00edsica\u00bb.<\/p>\n<p>En la ma\u00f1ana del lunes, cuando comenzaba el sexto d\u00eda de b\u00fasqueda, las autoridades anunciaron que hab\u00edan avistado un cuerpo cerca de la superficie que no portaba chaleco salvavidas y que posteriormente identificaron como el de Rivera, a quien llevaban buscando desde el mi\u00e9rcoles en un lago al norte de Los \u00c1ngeles.<\/p>\n<p>Seg\u00fan el sheriff, no hay indicios de \u00abun acto criminal o suicidio\u00bb, por lo que la hip\u00f3tesis principal contin\u00faa siendo un desafortunado accidente.<\/p>\n<p>Fuente:\u00a0 EFE<\/p>\n<p>&nbsp;<\/p>\n","protected":false},"excerpt":{"rendered":"<p>La Polic\u00eda del Condado de Ventura (California, EE.UU.) confirm\u00f3 este <a href=\"https:\/\/sertv.gob.pa\/crisolfm\/confirman-la-muerte-de-la-actriz-naya-rivera-tras-cinco-dias-de-busqueda\/\"> [&#8230;]<\/a><\/p>\n","protected":false},"author":64,"featured_media":30431,"comment_status":"closed","ping_status":"closed","sticky":false,"template":"","format":"standard","meta":{"footnotes":""},"categories":[6],"tags":[],"class_list":["post-30430","post","type-post","status-publish","format-standard","has-post-thumbnail","hentry","category-culturales"],"_links":{"self":[{"href":"https:\/\/sertv.gob.pa\/crisolfm\/wp-json\/wp\/v2\/posts\/30430","targetHints":{"allow":["GET"]}}],"collection":[{"href":"https:\/\/sertv.gob.pa\/crisolfm\/wp-json\/wp\/v2\/posts"}],"about":[{"href":"https:\/\/sertv.gob.pa\/crisolfm\/wp-json\/wp\/v2\/types\/post"}],"author":[{"embeddable":true,"href":"https:\/\/sertv.gob.pa\/crisolfm\/wp-json\/wp\/v2\/users\/64"}],"replies":[{"embeddable":true,"href":"https:\/\/sertv.gob.pa\/crisolfm\/wp-json\/wp\/v2\/comments?post=30430"}],"version-history":[{"count":1,"href":"https:\/\/sertv.gob.pa\/crisolfm\/wp-json\/wp\/v2\/posts\/30430\/revisions"}],"predecessor-version":[{"id":30432,"href":"https:\/\/sertv.gob.pa\/crisolfm\/wp-json\/wp\/v2\/posts\/30430\/revisions\/30432"}],"wp:featuredmedia":[{"embeddable":true,"href":"https:\/\/sertv.gob.pa\/crisolfm\/wp-json\/wp\/v2\/media\/30431"}],"wp:attachment":[{"href":"https:\/\/sertv.gob.pa\/crisolfm\/wp-json\/wp\/v2\/media?parent=30430"}],"wp:term":[{"taxonomy":"category","embeddable":true,"href":"https:\/\/sertv.gob.pa\/crisolfm\/wp-json\/wp\/v2\/categories?post=30430"},{"taxonomy":"post_tag","embeddable":true,"href":"https:\/\/sertv.gob.pa\/crisolfm\/wp-json\/wp\/v2\/tags?post=30430"}],"curies":[{"name":"wp","href":"https:\/\/api.w.org\/{rel}","templated":true}]}}