{"id":30443,"date":"2020-07-14T14:50:07","date_gmt":"2020-07-14T14:50:07","guid":{"rendered":"https:\/\/sertv.gob.pa\/crisolfm\/?p=30443"},"modified":"2020-07-14T14:50:07","modified_gmt":"2020-07-14T14:50:07","slug":"las-cataratas-del-iguazu-reabren-para-turistas-locales-en-argentina","status":"publish","type":"post","link":"https:\/\/sertv.gob.pa\/crisolfm\/las-cataratas-del-iguazu-reabren-para-turistas-locales-en-argentina\/","title":{"rendered":"Las cataratas del Iguaz\u00fa reabren para turistas locales en Argentina"},"content":{"rendered":"<p>La parte argentina de las Cataratas del Iguaz\u00fa volvi\u00f3 a recibir visitantes tras cuatro meses de confinamiento en el que el Parque Nacional estuvo cerrado al p\u00fablico.<\/p>\n<p>Por primera vez en m\u00e1s de cien d\u00edas, el rumor del agua estuvo acompa\u00f1ado por el de las voces de las familias que, protegidos por mascarillas, recorrieron las pasarelas o sendas situadas en medio de la selva y disfrutaron de las vistas de la que es considerada una de las Maravillas Naturales del Mundo.<\/p>\n<p>La posibilidad de observar este espect\u00e1culo natural estuvo limitada a 200 personas por d\u00eda que acudieron el pasado fin de semana(s\u00e1bado y domingo), una situaci\u00f3n que, de momento, se mantendr\u00e1 as\u00ed a la espera de que remita la pandemia en Argentina.<\/p>\n<p>LA NUEVA NORMALIDAD DE LAS CATARATAS<\/p>\n<p>Los oriundos de la zona que quieran visitar las instalaciones deben reservar previamente una de las 200 entradas diarias disponibles mediante el env\u00edo de una petici\u00f3n por Whatsapp acompa\u00f1ada de una foto del documento de identidad que atestig\u00fce que residen en las cercan\u00edas del parque.<\/p>\n<p>En esta nueva etapa, el lugar no solo acoge a menos personas, sino que tambi\u00e9n abrir\u00e1 \u00fanicamente durante el fin de semana y por un horario reducido. Asimismo, los 200 visitantes se repartir\u00e1n en dos grupos de 100 que, a su vez, entrar\u00e1n y saldr\u00e1n en horarios diferentes.<\/p>\n<p>Tampoco se podr\u00e1 realizar el recorrido completo, ya que la Garganta del Diablo, la m\u00e1s elevada del lugar con 80 metros de altura, no estar\u00e1 a\u00fan abierta al p\u00fablico.<\/p>\n<p>Entre las medidas de seguridad requeridas, se encuentran llevar en todo momento una mascarilla, mantener la distancia de seguridad de dos metros, moverse en los grupos dirigidos por personal del parque y llevar gel sanitizante para lavarse las manos antes de entrar y durante el viaje. Adem\u00e1s, est\u00e1n prohibidos tanto los picnic como el consumo de mate- una tradici\u00f3n muy arraigada en el pa\u00eds austral.<\/p>\n<p>Entre las medidas de seguridad requeridas, se encuentran llevar en todo momento una mascarilla, mantener la distancia de seguridad de dos metros, moverse en los grupos dirigidos por personal del parque y llevar gel sanitizante para lavarse las manos antes de entrar y durante el viaje.<\/p>\n<p>Con solo 41 casos, la provincia de Misiones \u2013 donde est\u00e1 el parque- es una de las menos afectadas por la pandemia del coronavirus de Argentina- que el pasado domingo super\u00f3 los 100.000 casos totales y en el que gran parte de la poblaci\u00f3n sigue confinada.<\/p>\n<p>Fuente:\u00a0\u00a0 EFE<\/p>\n<p>&nbsp;<\/p>\n","protected":false},"excerpt":{"rendered":"<p>La parte argentina de las Cataratas del Iguaz\u00fa volvi\u00f3 a <a href=\"https:\/\/sertv.gob.pa\/crisolfm\/las-cataratas-del-iguazu-reabren-para-turistas-locales-en-argentina\/\"> [&#8230;]<\/a><\/p>\n","protected":false},"author":64,"featured_media":30444,"comment_status":"closed","ping_status":"closed","sticky":false,"template":"","format":"standard","meta":{"footnotes":""},"categories":[6],"tags":[],"class_list":["post-30443","post","type-post","status-publish","format-standard","has-post-thumbnail","hentry","category-culturales"],"_links":{"self":[{"href":"https:\/\/sertv.gob.pa\/crisolfm\/wp-json\/wp\/v2\/posts\/30443","targetHints":{"allow":["GET"]}}],"collection":[{"href":"https:\/\/sertv.gob.pa\/crisolfm\/wp-json\/wp\/v2\/posts"}],"about":[{"href":"https:\/\/sertv.gob.pa\/crisolfm\/wp-json\/wp\/v2\/types\/post"}],"author":[{"embeddable":true,"href":"https:\/\/sertv.gob.pa\/crisolfm\/wp-json\/wp\/v2\/users\/64"}],"replies":[{"embeddable":true,"href":"https:\/\/sertv.gob.pa\/crisolfm\/wp-json\/wp\/v2\/comments?post=30443"}],"version-history":[{"count":1,"href":"https:\/\/sertv.gob.pa\/crisolfm\/wp-json\/wp\/v2\/posts\/30443\/revisions"}],"predecessor-version":[{"id":30445,"href":"https:\/\/sertv.gob.pa\/crisolfm\/wp-json\/wp\/v2\/posts\/30443\/revisions\/30445"}],"wp:featuredmedia":[{"embeddable":true,"href":"https:\/\/sertv.gob.pa\/crisolfm\/wp-json\/wp\/v2\/media\/30444"}],"wp:attachment":[{"href":"https:\/\/sertv.gob.pa\/crisolfm\/wp-json\/wp\/v2\/media?parent=30443"}],"wp:term":[{"taxonomy":"category","embeddable":true,"href":"https:\/\/sertv.gob.pa\/crisolfm\/wp-json\/wp\/v2\/categories?post=30443"},{"taxonomy":"post_tag","embeddable":true,"href":"https:\/\/sertv.gob.pa\/crisolfm\/wp-json\/wp\/v2\/tags?post=30443"}],"curies":[{"name":"wp","href":"https:\/\/api.w.org\/{rel}","templated":true}]}}