{"id":30471,"date":"2020-07-14T17:22:23","date_gmt":"2020-07-14T17:22:23","guid":{"rendered":"https:\/\/sertv.gob.pa\/crisolfm\/?p=30471"},"modified":"2020-07-14T17:22:23","modified_gmt":"2020-07-14T17:22:23","slug":"italia-devuelve-a-francia-la-obra-robada-de-banksy-en-homenaje-a-bataclan","status":"publish","type":"post","link":"https:\/\/sertv.gob.pa\/crisolfm\/italia-devuelve-a-francia-la-obra-robada-de-banksy-en-homenaje-a-bataclan\/","title":{"rendered":"Italia devuelve a Francia la obra robada de Banksy en homenaje a Bataclan"},"content":{"rendered":"<p>Italia devolvi\u00f3 hoy a Francia la obra atribuida al artista callejero Banksy, pintada en una puerta de la sala parisina Bataclan como homenaje a las v\u00edctimas del atentado de 2015, y que fue descubierta recientemente en una finca italiana tras su robo el a\u00f1o pasado.<\/p>\n<p>Los carabineros, que encontraron la obra en una casa de campo italiana el mes pasado, entregaron la obra al embajador franc\u00e9s, Christian Masset, en un acto especial celebrado en la Embajada francesa en Roma, con motivo del d\u00eda nacional de Francia.<\/p>\n<p>La puerta ser\u00e1 expuesta este martes en esta sede, el romano Palacio Farnese, y despu\u00e9s regresar\u00e1 al pa\u00eds galo.<\/p>\n<p>Se atribuye al misterioso artista Banksy el mural que apareci\u00f3 en 2018 en una de las puertas de emergencia del local de conciertos Bataclan, s\u00edmbolo de los atentados yihadistas de 2015 en los que murieron 137 personas en la capital francesa.<\/p>\n<p>En ella aparece representada una mujer con el rostro triste y mirando hacia abajo en se\u00f1al de luto por las v\u00edctimas en la sala de conciertos y en otros puntos de Par\u00eds.<\/p>\n<p>La puerta fue robada en 2019, seis meses despu\u00e9s de su instalaci\u00f3n, y fue encontrada por los carabineros el pasado junio en una finca pr\u00f3xima al municipio de Alba Adriatica, en provincia de Teramo (Abruzos, centro).<\/p>\n<p>El hallazgo se produjo despu\u00e9s de una operaci\u00f3n conjunta entre las fuerzas policiales italianas y francesas, que sigui\u00f3 a finales de junio con la detenci\u00f3n de seis personas ligadas al robo en regiones francesas fronterizas con Italia.<\/p>\n<p>En el pa\u00eds transalpino fue detenido tambi\u00e9n el empresario que presuntamente ayud\u00f3 a esconder la obra en el \u00e1tico de una casa de campo.<\/p>\n<p>La sala Bataclan denunci\u00f3 el robo el 26 de enero de 2019 y expres\u00f3 su \u00abprofunda indignaci\u00f3n\u00bb por la sustracci\u00f3n de una obra \u00abs\u00edmbolo de uni\u00f3n\u00bb, en un mensaje en redes sociales.<\/p>\n<p>En esta publicaci\u00f3n el equipo del local de conciertos agradec\u00edan al artista brit\u00e1nico Banksy haber pintado la puerta como muestra de \u00abhomenaje y apoyo\u00bb a las v\u00edctimas y a los parisinos.<\/p>\n<p>&nbsp;<\/p>\n<p>Fuente:\u00a0 EFE<\/p>\n<p>&nbsp;<\/p>\n<p>&nbsp;<\/p>\n","protected":false},"excerpt":{"rendered":"<p>Italia devolvi\u00f3 hoy a Francia la obra atribuida al artista <a href=\"https:\/\/sertv.gob.pa\/crisolfm\/italia-devuelve-a-francia-la-obra-robada-de-banksy-en-homenaje-a-bataclan\/\"> [&#8230;]<\/a><\/p>\n","protected":false},"author":64,"featured_media":30472,"comment_status":"closed","ping_status":"closed","sticky":false,"template":"","format":"standard","meta":{"footnotes":""},"categories":[6],"tags":[],"class_list":["post-30471","post","type-post","status-publish","format-standard","has-post-thumbnail","hentry","category-culturales"],"_links":{"self":[{"href":"https:\/\/sertv.gob.pa\/crisolfm\/wp-json\/wp\/v2\/posts\/30471","targetHints":{"allow":["GET"]}}],"collection":[{"href":"https:\/\/sertv.gob.pa\/crisolfm\/wp-json\/wp\/v2\/posts"}],"about":[{"href":"https:\/\/sertv.gob.pa\/crisolfm\/wp-json\/wp\/v2\/types\/post"}],"author":[{"embeddable":true,"href":"https:\/\/sertv.gob.pa\/crisolfm\/wp-json\/wp\/v2\/users\/64"}],"replies":[{"embeddable":true,"href":"https:\/\/sertv.gob.pa\/crisolfm\/wp-json\/wp\/v2\/comments?post=30471"}],"version-history":[{"count":1,"href":"https:\/\/sertv.gob.pa\/crisolfm\/wp-json\/wp\/v2\/posts\/30471\/revisions"}],"predecessor-version":[{"id":30473,"href":"https:\/\/sertv.gob.pa\/crisolfm\/wp-json\/wp\/v2\/posts\/30471\/revisions\/30473"}],"wp:featuredmedia":[{"embeddable":true,"href":"https:\/\/sertv.gob.pa\/crisolfm\/wp-json\/wp\/v2\/media\/30472"}],"wp:attachment":[{"href":"https:\/\/sertv.gob.pa\/crisolfm\/wp-json\/wp\/v2\/media?parent=30471"}],"wp:term":[{"taxonomy":"category","embeddable":true,"href":"https:\/\/sertv.gob.pa\/crisolfm\/wp-json\/wp\/v2\/categories?post=30471"},{"taxonomy":"post_tag","embeddable":true,"href":"https:\/\/sertv.gob.pa\/crisolfm\/wp-json\/wp\/v2\/tags?post=30471"}],"curies":[{"name":"wp","href":"https:\/\/api.w.org\/{rel}","templated":true}]}}