{"id":30474,"date":"2020-07-14T17:50:57","date_gmt":"2020-07-14T17:50:57","guid":{"rendered":"https:\/\/sertv.gob.pa\/crisolfm\/?p=30474"},"modified":"2020-07-14T17:50:57","modified_gmt":"2020-07-14T17:50:57","slug":"los-museos-britanicos-esperan-un-80-de-caida-de-visitantes-en-su-reapertura","status":"publish","type":"post","link":"https:\/\/sertv.gob.pa\/crisolfm\/los-museos-britanicos-esperan-un-80-de-caida-de-visitantes-en-su-reapertura\/","title":{"rendered":"Los museos brit\u00e1nicos esperan un 80% de ca\u00edda de visitantes en su reapertura"},"content":{"rendered":"<p>El Museo de Historia Natural, el Victoria &amp; Albert y el Museo de Ciencias anunciaron este martes que reabrir\u00e1n sus puertas en agosto, aunque esperan que el n\u00famero de visitantes caiga alrededor del 80 %.<\/p>\n<p>Los tres museos londinenses, cerrados desde marzo a causa de la pandemia de coronavirus, avanzaron que mantendr\u00e1n la gratuidad habitual de su acceso, a pesar de que se encuentran en un estado financiero \u201cmuy precario\u201d.<\/p>\n<p>El director del museo de Historia Natural, Michael Dixon, se\u00f1al\u00f3 durante una rueda de prensa virtual que su aforo se ver\u00e1 limitado a 2.800 personas al d\u00eda, un quinto de la asistencia media que registraba la instituci\u00f3n hasta el momento.<\/p>\n<p>\u00abEsperamos algo as\u00ed como una reducci\u00f3n del 80 % hasta que las reglas de distanciamiento social y las disposici\u00f3n del p\u00fablico hacia las visitas cambien\u201d, destac\u00f3 Dixon.<\/p>\n<p>\u00abCreemos que la demanda superar\u00e1 a la oferta, pero eso es una conjetura porque estamos en un per\u00edodo de incertidumbre masiva en este momento\u00bb, a\u00f1adi\u00f3.<\/p>\n<p>El director del Victoria &amp; Albert, Tristam Hunt se\u00f1al\u00f3 que sus previsiones contemplan una ca\u00edda en la asistencia de magnitudes similares y explic\u00f3 que la instituci\u00f3n abrir\u00e1 menos d\u00edas de lo normal, al menos durante los primeros d\u00edas de reapertura.<\/p>\n<p>\u00abEl Gobierno ha reforzado nuestras finanzas, pero a\u00fan son muy precarias, por lo que no tiene sentido tener un horario de atenci\u00f3n muy amplio si nadie entra por la puerta\u00bb, apostill\u00f3.<\/p>\n<p>Los directores de los tres museos elogiaron el paquete de financiaci\u00f3n de emergencia para la cultura de 1.500 millones de libras (1.647 millones de euros) que anunci\u00f3 el Ejecutivo brit\u00e1nico la semana pasada, aunque reclamaron m\u00e1s dinero para compensar las p\u00e9rdidas de ingresos comerciales que sufren sus tiendas y cafeter\u00edas.<\/p>\n<p>Tambi\u00e9n lamentaron que no haya ning\u00fan partido pol\u00edtico que proponga apoyo econ\u00f3mico para la financiaci\u00f3n de las entradas, pero descartaron comenzar a cobrar al p\u00fablico por ellas.<\/p>\n<p>Seg\u00fan el director del Museo de Ciencias Naturales, Ian Blatchford, cobrar a la gente para ir a los museos ser\u00eda \u00abun movimiento retrogrado\u00bb y \u00abuna pol\u00edtica del peor tipo\u00bb.<\/p>\n<p>El Museo de Historia Natural volver\u00e1 a recibir p\u00fablico el 5 de agosto, mientras que el Victoria &amp; Albert y el Museo de Ciencias lo har\u00e1n a partir del d\u00eda 6 y 19, respectivamente.<\/p>\n<p>En ninguna de las tres instituciones ser\u00e1 obligatorio llevar mascarilla, aunque es \u201cmuy recomendable\u201d, y las entradas deber\u00e1n reservarse con antelaci\u00f3n.<\/p>\n<p>&nbsp;<\/p>\n<p>Fuente:\u00a0 EFE<\/p>\n","protected":false},"excerpt":{"rendered":"<p>El Museo de Historia Natural, el Victoria &amp; Albert y <a href=\"https:\/\/sertv.gob.pa\/crisolfm\/los-museos-britanicos-esperan-un-80-de-caida-de-visitantes-en-su-reapertura\/\"> [&#8230;]<\/a><\/p>\n","protected":false},"author":64,"featured_media":30475,"comment_status":"closed","ping_status":"closed","sticky":false,"template":"","format":"standard","meta":{"footnotes":""},"categories":[6],"tags":[],"class_list":["post-30474","post","type-post","status-publish","format-standard","has-post-thumbnail","hentry","category-culturales"],"_links":{"self":[{"href":"https:\/\/sertv.gob.pa\/crisolfm\/wp-json\/wp\/v2\/posts\/30474","targetHints":{"allow":["GET"]}}],"collection":[{"href":"https:\/\/sertv.gob.pa\/crisolfm\/wp-json\/wp\/v2\/posts"}],"about":[{"href":"https:\/\/sertv.gob.pa\/crisolfm\/wp-json\/wp\/v2\/types\/post"}],"author":[{"embeddable":true,"href":"https:\/\/sertv.gob.pa\/crisolfm\/wp-json\/wp\/v2\/users\/64"}],"replies":[{"embeddable":true,"href":"https:\/\/sertv.gob.pa\/crisolfm\/wp-json\/wp\/v2\/comments?post=30474"}],"version-history":[{"count":1,"href":"https:\/\/sertv.gob.pa\/crisolfm\/wp-json\/wp\/v2\/posts\/30474\/revisions"}],"predecessor-version":[{"id":30476,"href":"https:\/\/sertv.gob.pa\/crisolfm\/wp-json\/wp\/v2\/posts\/30474\/revisions\/30476"}],"wp:featuredmedia":[{"embeddable":true,"href":"https:\/\/sertv.gob.pa\/crisolfm\/wp-json\/wp\/v2\/media\/30475"}],"wp:attachment":[{"href":"https:\/\/sertv.gob.pa\/crisolfm\/wp-json\/wp\/v2\/media?parent=30474"}],"wp:term":[{"taxonomy":"category","embeddable":true,"href":"https:\/\/sertv.gob.pa\/crisolfm\/wp-json\/wp\/v2\/categories?post=30474"},{"taxonomy":"post_tag","embeddable":true,"href":"https:\/\/sertv.gob.pa\/crisolfm\/wp-json\/wp\/v2\/tags?post=30474"}],"curies":[{"name":"wp","href":"https:\/\/api.w.org\/{rel}","templated":true}]}}