{"id":30498,"date":"2020-07-16T13:11:44","date_gmt":"2020-07-16T13:11:44","guid":{"rendered":"https:\/\/sertv.gob.pa\/crisolfm\/?p=30498"},"modified":"2020-07-16T13:11:44","modified_gmt":"2020-07-16T13:11:44","slug":"disneyland-paris-reabre-tras-la-pandemia-con-mascarilla-y-con-fe-en-el-futuro","status":"publish","type":"post","link":"https:\/\/sertv.gob.pa\/crisolfm\/disneyland-paris-reabre-tras-la-pandemia-con-mascarilla-y-con-fe-en-el-futuro\/","title":{"rendered":"Disneyland Par\u00eds reabre tras la pandemia con mascarilla y con fe en el futuro"},"content":{"rendered":"<p>Las puertas de Disneyland Par\u00eds reabrieron este mi\u00e9rcoles, tras m\u00e1s de tres meses de cierre a causa de la pandemia, con importantes medidas de seguridad para dar confianza a los visitantes, a quienes los organizadores esperan devolver la magia del parque de atracciones m\u00e1s visitado de Europa.<\/p>\n<p>\u00abEstamos sintiendo una emoci\u00f3n similar a la que tuvimos en abril de 1992 cuando se abri\u00f3 el parque\u00bb, afirma a Efe el vicepresidente de Ventas y Distribuci\u00f3n, Javier Moreno.<\/p>\n<p>La presidenta de Disneyland Par\u00eds, Natacha Rafalski, dio el banderazo de salida a la reapertura en una ceremonia festiva con m\u00fasica y un peque\u00f1o espect\u00e1culo, con el que se dio la bienvenida a los primeros visitantes, entusiastas, acogidos por los aplausos del personal dispuesto en un pasillo de honor a lo largo de toda la avenida principal del parque.<\/p>\n<p>Las atracciones y los c\u00e9lebres personajes creados tras la Primera Guerra Mundial por Walt Disney -\u00e9l mismo superviviente de la llamada gripe espa\u00f1ola- recibieron a familias y peque\u00f1os en condiciones excepcionales.<\/p>\n<p>Los personajes de la saga &#8216;Los Incre\u00edbles&#8217; recuerdan a mayores y ni\u00f1os las consignas de seguridad: las mascarillas son obligatorias a partir de los 11 a\u00f1os, m\u00e1s de 20 kil\u00f3metros de recorridos marcados en el suelo para guardar las distancias de seguridad y m\u00e1s de 2.000 distribuidores de gel hidroalcoh\u00f3lico por todo el parque.<\/p>\n<p>Adem\u00e1s, todas las ventas se har\u00e1n por internet y aquellos que tengan una entrada sin fecha precisa deber\u00e1n inscribirse para anunciar el d\u00eda que quieren disfrutar del parque.<\/p>\n<p>\u00abPero la esencia est\u00e1 ah\u00ed, el ADN de Disney est\u00e1, los personajes, la magia, la m\u00fasica,&#8230; Los visitantes vienen para romper con el mundo exterior y la promesa se cumple\u00bb, asegura Moreno.<\/p>\n<p>El respeto de las normas de seguridad ha obligado, en cualquier caso, a renunciar a los desfiles y otras manifestaciones en las que el p\u00fablico se junta m\u00e1s, al igual que a cerrar los parques infantiles.<\/p>\n<p>Para compensar, se han ideado puntos de encuentro con los personajes en los que se han marcado en el suelo los lugares para que los \u00abselfis\u00bb queden perfectos.<\/p>\n<p>Fuente:\u00a0 EFE<\/p>\n<p>&nbsp;<\/p>\n","protected":false},"excerpt":{"rendered":"<p>Las puertas de Disneyland Par\u00eds reabrieron este mi\u00e9rcoles, tras m\u00e1s <a href=\"https:\/\/sertv.gob.pa\/crisolfm\/disneyland-paris-reabre-tras-la-pandemia-con-mascarilla-y-con-fe-en-el-futuro\/\"> [&#8230;]<\/a><\/p>\n","protected":false},"author":64,"featured_media":30499,"comment_status":"closed","ping_status":"closed","sticky":false,"template":"","format":"standard","meta":{"footnotes":""},"categories":[6],"tags":[],"class_list":["post-30498","post","type-post","status-publish","format-standard","has-post-thumbnail","hentry","category-culturales"],"_links":{"self":[{"href":"https:\/\/sertv.gob.pa\/crisolfm\/wp-json\/wp\/v2\/posts\/30498","targetHints":{"allow":["GET"]}}],"collection":[{"href":"https:\/\/sertv.gob.pa\/crisolfm\/wp-json\/wp\/v2\/posts"}],"about":[{"href":"https:\/\/sertv.gob.pa\/crisolfm\/wp-json\/wp\/v2\/types\/post"}],"author":[{"embeddable":true,"href":"https:\/\/sertv.gob.pa\/crisolfm\/wp-json\/wp\/v2\/users\/64"}],"replies":[{"embeddable":true,"href":"https:\/\/sertv.gob.pa\/crisolfm\/wp-json\/wp\/v2\/comments?post=30498"}],"version-history":[{"count":1,"href":"https:\/\/sertv.gob.pa\/crisolfm\/wp-json\/wp\/v2\/posts\/30498\/revisions"}],"predecessor-version":[{"id":30502,"href":"https:\/\/sertv.gob.pa\/crisolfm\/wp-json\/wp\/v2\/posts\/30498\/revisions\/30502"}],"wp:featuredmedia":[{"embeddable":true,"href":"https:\/\/sertv.gob.pa\/crisolfm\/wp-json\/wp\/v2\/media\/30499"}],"wp:attachment":[{"href":"https:\/\/sertv.gob.pa\/crisolfm\/wp-json\/wp\/v2\/media?parent=30498"}],"wp:term":[{"taxonomy":"category","embeddable":true,"href":"https:\/\/sertv.gob.pa\/crisolfm\/wp-json\/wp\/v2\/categories?post=30498"},{"taxonomy":"post_tag","embeddable":true,"href":"https:\/\/sertv.gob.pa\/crisolfm\/wp-json\/wp\/v2\/tags?post=30498"}],"curies":[{"name":"wp","href":"https:\/\/api.w.org\/{rel}","templated":true}]}}