{"id":30529,"date":"2020-07-16T16:23:03","date_gmt":"2020-07-16T16:23:03","guid":{"rendered":"https:\/\/sertv.gob.pa\/crisolfm\/?p=30529"},"modified":"2020-07-16T16:23:03","modified_gmt":"2020-07-16T16:23:03","slug":"rigoletto-contra-el-clan-de-criminales-del-circo-maximo","status":"publish","type":"post","link":"https:\/\/sertv.gob.pa\/crisolfm\/rigoletto-contra-el-clan-de-criminales-del-circo-maximo\/","title":{"rendered":"Rigoletto contra el clan de criminales del Circo M\u00e1ximo"},"content":{"rendered":"<p>\u00abRigoletto\u00bb se ti\u00f1e de novela negra en la inauguraci\u00f3n de la temporada estival de la \u00d3pera de Roma. El famoso buf\u00f3n revive su maldici\u00f3n por primera vez en el Circo M\u00e1ximo enfrentando peligrosos malhechores y protegi\u00e9ndose del coronavirus.<\/p>\n<p>La \u00d3pera de Roma abrir\u00e1 hoy a bombo y platillo su cartel de verano con este c\u00e9lebre melodrama de Giuseppe Verdi dirigido por la batuta de Daniele Gatti y con la brillante escenograf\u00eda de Damiano Michieletto, ya puesta a prueba en el ensayo final.<\/p>\n<p>El mundo del lenguaraz Rigoletto, interpretado por el bar\u00edtono Roberto Frontali, ha cambiado, se aleja de la corte de Mantua para imbuirse en los a\u00f1os Setenta, en una atm\u00f3sfera ciertamente hostil.<\/p>\n<p>La esencia por supuesto es la misma. A fin de cuentas es el drama de un padre que trata de proteger a su amada hija Gilda (Rosa Feola) de un mundo que le maltrata por sistema por su condici\u00f3n de buf\u00f3n cojo, cheposo y deforme.<\/p>\n<p>Pero en esta propuesta sus vicisitudes transcurren entre coches y caravanas, en una vor\u00e1gine fr\u00eda de pol\u00edgono industrial, como en una pel\u00edcula de criminales y tipos duros.<\/p>\n<p>Y el rey de todo, por tomar el t\u00e9rmino que inspir\u00f3 a V\u00edctor Hugo en el drama que luego adaptar\u00eda Verdi, \u00abLe roi s&#8217;amuse\u00bb, es el Duque de Mantua, interpretado por el tenor peruano Iv\u00e1n Ay\u00f3n, un \u00abcapo de capos\u00bb que derrocha hedonismo entre voluptuosas bellezas.<\/p>\n<p>UNA \u00d3PERA A CONTRARRELOJ POR EL CORONAVIRUS<\/p>\n<p>En Roma hab\u00eda ganas de l\u00edrica tras m\u00e1s de dos meses de par\u00f3n por la pandemia y, por eso, una vez iniciado el regreso a la \u00abnueva normalidad\u00bb los organizadores de la \u00d3pera se pusieron manos a la obra para no fallar con el siempre esperado programa de verano.<\/p>\n<p>Pero como no pod\u00eda ser de otra manera, los tiempos mandan y las medidas para prevenir los contagios han marcado la representaci\u00f3n.<\/p>\n<p>Por ejemplo la obra tiene lugar por primera vez en el Circo M\u00e1ximo, enorme explanada vestigio del estadio de los emperadores que da m\u00e1s espacio para separar al p\u00fablico que las Termas de Caracalla, donde tradicionalmente se celebra este programa al aire libre.<\/p>\n<p>La producci\u00f3n fue ideada a contrarreloj, en solo un mes, con maratonianos ensayos en los estudios de Cinecitt\u00e1. Quiz\u00e1 por eso el resultado no puede ser m\u00e1s cinematogr\u00e1fico.<\/p>\n<p>Sobre las tablas los personajes no se acercan para evitar eventuales contagios y si tienen que compartir \u00abatrezzo\u00bb, lo hacen con guantes.<\/p>\n<p>Para ahorrarse grandes cambios de escena el director recurri\u00f3 a la tecnolog\u00eda. En el escenario hay siempre dos c\u00e1maras (Steadicam) que muestran en una pantalla gigante en directo los pormenores de la trama. A veces da la impresi\u00f3n de estar viendo una serie de narcos.<\/p>\n<p>Fuente:\u00a0 EFE<\/p>\n","protected":false},"excerpt":{"rendered":"<p>\u00abRigoletto\u00bb se ti\u00f1e de novela negra en la inauguraci\u00f3n de <a href=\"https:\/\/sertv.gob.pa\/crisolfm\/rigoletto-contra-el-clan-de-criminales-del-circo-maximo\/\"> [&#8230;]<\/a><\/p>\n","protected":false},"author":64,"featured_media":30530,"comment_status":"closed","ping_status":"closed","sticky":false,"template":"","format":"standard","meta":{"footnotes":""},"categories":[6],"tags":[],"class_list":["post-30529","post","type-post","status-publish","format-standard","has-post-thumbnail","hentry","category-culturales"],"_links":{"self":[{"href":"https:\/\/sertv.gob.pa\/crisolfm\/wp-json\/wp\/v2\/posts\/30529","targetHints":{"allow":["GET"]}}],"collection":[{"href":"https:\/\/sertv.gob.pa\/crisolfm\/wp-json\/wp\/v2\/posts"}],"about":[{"href":"https:\/\/sertv.gob.pa\/crisolfm\/wp-json\/wp\/v2\/types\/post"}],"author":[{"embeddable":true,"href":"https:\/\/sertv.gob.pa\/crisolfm\/wp-json\/wp\/v2\/users\/64"}],"replies":[{"embeddable":true,"href":"https:\/\/sertv.gob.pa\/crisolfm\/wp-json\/wp\/v2\/comments?post=30529"}],"version-history":[{"count":1,"href":"https:\/\/sertv.gob.pa\/crisolfm\/wp-json\/wp\/v2\/posts\/30529\/revisions"}],"predecessor-version":[{"id":30531,"href":"https:\/\/sertv.gob.pa\/crisolfm\/wp-json\/wp\/v2\/posts\/30529\/revisions\/30531"}],"wp:featuredmedia":[{"embeddable":true,"href":"https:\/\/sertv.gob.pa\/crisolfm\/wp-json\/wp\/v2\/media\/30530"}],"wp:attachment":[{"href":"https:\/\/sertv.gob.pa\/crisolfm\/wp-json\/wp\/v2\/media?parent=30529"}],"wp:term":[{"taxonomy":"category","embeddable":true,"href":"https:\/\/sertv.gob.pa\/crisolfm\/wp-json\/wp\/v2\/categories?post=30529"},{"taxonomy":"post_tag","embeddable":true,"href":"https:\/\/sertv.gob.pa\/crisolfm\/wp-json\/wp\/v2\/tags?post=30529"}],"curies":[{"name":"wp","href":"https:\/\/api.w.org\/{rel}","templated":true}]}}