{"id":30555,"date":"2020-07-17T13:57:18","date_gmt":"2020-07-17T13:57:18","guid":{"rendered":"https:\/\/sertv.gob.pa\/crisolfm\/?p=30555"},"modified":"2020-07-17T13:57:18","modified_gmt":"2020-07-17T13:57:18","slug":"el-metro-de-londres-elimina-los-dibujos-de-banksy-en-favor-de-la-mascarilla","status":"publish","type":"post","link":"https:\/\/sertv.gob.pa\/crisolfm\/el-metro-de-londres-elimina-los-dibujos-de-banksy-en-favor-de-la-mascarilla\/","title":{"rendered":"El metro de Londres elimina los dibujos de Banksy en favor de la mascarilla"},"content":{"rendered":"<p>Los trabajadores del metro de Londres han borrado los dibujos que el artista callejero Banksy realiz\u00f3 este martes en uno de los vagones para concienciar sobre el uso de la mascarilla en el transporte p\u00fablico, a fin de evitar la propagaci\u00f3n de la COVID-19.<\/p>\n<p>Para cuando Banksy public\u00f3 en redes sociales un v\u00eddeo que mostraba su \u00faltima obra, el personal de limpieza de Transport for London (TFL), la empresa que gestiona el servicio de metro en la capital brit\u00e1nica, ya lo hab\u00eda eliminado, indic\u00f3 la compa\u00f1\u00eda.<\/p>\n<p>Un portavoz de TFL afirm\u00f3 que apreciaban \u00abla intenci\u00f3n de Banksy de alentar a las personas a que se cubran la cara\u00bb, pero agreg\u00f3 que su trabajo fue retirado debido a su \u00abestricta pol\u00edtica antigraffiti\u00bb.<\/p>\n<p>Seg\u00fan el diario \u00abThe Times\u00bb, la pintura fue tratada \u00abcomo cualquier otro caso de vandalismo\u00bb por limpiadores que probablemente desconoc\u00edan su importancia cultural, ya que las obras del desconocido artista pueden alcanzar sumas millonarias.<\/p>\n<p>\u00abEl tren fue puesto fuera de servicio. Lo limpiaron todo y, tan pronto como estuvo limpio, lo pusieron nuevamente en servicio para minimizar la interrupci\u00f3n de la red. Dudo que supieran de qu\u00e9 se trataba&#8230; no suele ser un &#8216;Banksy'\u00bb, dijo una fuente de TFL citada por el rotativo, que agreg\u00f3 que en \u00abla situaci\u00f3n actual\u00bb los trabajadores se afanan m\u00e1s que nunca en mantener las instalaciones higienizadas.<\/p>\n<p>Transport for London ha ofrecido a Banksy la posibilidad de producir \u00abuna nueva versi\u00f3n de su mensaje\u00bb para los usuarios del metro \u00aben un lugar adecuado\u00bb.<\/p>\n<p>En un v\u00eddeo publicado en Instagram bajo el eslogan \u00abIf you don&#8217;t mask, you don&#8217;t get\u00bb (Si no te pones la mascarilla, no subes), Banksy aparec\u00eda vestido con un traje de protecci\u00f3n blanco, capucha, chaleco naranja reflectante, guantes, mascarilla y gafas, utilizando plantillas y espray negro para realizar los dibujos de sus caracter\u00edsticas ratas en varias zonas del vag\u00f3n.<\/p>\n<p>Uno de los animales aparec\u00eda escupiendo un l\u00edquido verde que simulaba la propagaci\u00f3n del virus, mientras otro usaba la mascarilla como paraca\u00eddas y un tercero se cubr\u00eda el rostro con ella.<\/p>\n<p>Durante la grabaci\u00f3n se le pod\u00eda ver escribiendo su nombre con grandes letras verdes sobre la puerta que separa el vag\u00f3n de la cabina del conductor y c\u00f3mo abandonaba el lugar cruz\u00e1ndose con varios pasajeros.<\/p>\n<p>En Inglaterra es obligatorio cubrirse el rostro en el transporte p\u00fablico desde el pasado 15 de junio, y a partir del 24 de este mes deber\u00e1 hacerse tambi\u00e9n en todos los comercios bajo multas de hasta 100 libras (unos 110 euros).<\/p>\n<p>&nbsp;<\/p>\n<p>Fuente:\u00a0 EFE<\/p>\n<p>&nbsp;<\/p>\n","protected":false},"excerpt":{"rendered":"<p>Los trabajadores del metro de Londres han borrado los dibujos <a href=\"https:\/\/sertv.gob.pa\/crisolfm\/el-metro-de-londres-elimina-los-dibujos-de-banksy-en-favor-de-la-mascarilla\/\"> [&#8230;]<\/a><\/p>\n","protected":false},"author":64,"featured_media":30558,"comment_status":"closed","ping_status":"closed","sticky":false,"template":"","format":"standard","meta":{"footnotes":""},"categories":[6],"tags":[],"class_list":["post-30555","post","type-post","status-publish","format-standard","has-post-thumbnail","hentry","category-culturales"],"_links":{"self":[{"href":"https:\/\/sertv.gob.pa\/crisolfm\/wp-json\/wp\/v2\/posts\/30555","targetHints":{"allow":["GET"]}}],"collection":[{"href":"https:\/\/sertv.gob.pa\/crisolfm\/wp-json\/wp\/v2\/posts"}],"about":[{"href":"https:\/\/sertv.gob.pa\/crisolfm\/wp-json\/wp\/v2\/types\/post"}],"author":[{"embeddable":true,"href":"https:\/\/sertv.gob.pa\/crisolfm\/wp-json\/wp\/v2\/users\/64"}],"replies":[{"embeddable":true,"href":"https:\/\/sertv.gob.pa\/crisolfm\/wp-json\/wp\/v2\/comments?post=30555"}],"version-history":[{"count":1,"href":"https:\/\/sertv.gob.pa\/crisolfm\/wp-json\/wp\/v2\/posts\/30555\/revisions"}],"predecessor-version":[{"id":30560,"href":"https:\/\/sertv.gob.pa\/crisolfm\/wp-json\/wp\/v2\/posts\/30555\/revisions\/30560"}],"wp:featuredmedia":[{"embeddable":true,"href":"https:\/\/sertv.gob.pa\/crisolfm\/wp-json\/wp\/v2\/media\/30558"}],"wp:attachment":[{"href":"https:\/\/sertv.gob.pa\/crisolfm\/wp-json\/wp\/v2\/media?parent=30555"}],"wp:term":[{"taxonomy":"category","embeddable":true,"href":"https:\/\/sertv.gob.pa\/crisolfm\/wp-json\/wp\/v2\/categories?post=30555"},{"taxonomy":"post_tag","embeddable":true,"href":"https:\/\/sertv.gob.pa\/crisolfm\/wp-json\/wp\/v2\/tags?post=30555"}],"curies":[{"name":"wp","href":"https:\/\/api.w.org\/{rel}","templated":true}]}}