{"id":30556,"date":"2020-07-17T13:23:18","date_gmt":"2020-07-17T13:23:18","guid":{"rendered":"https:\/\/sertv.gob.pa\/crisolfm\/?p=30556"},"modified":"2020-07-17T13:23:18","modified_gmt":"2020-07-17T13:23:18","slug":"micultura-invita-a-animarte-arte-en-cultura-y-diversion","status":"publish","type":"post","link":"https:\/\/sertv.gob.pa\/crisolfm\/micultura-invita-a-animarte-arte-en-cultura-y-diversion\/","title":{"rendered":"MiCultura invita a Animarte: Arte en Cultura y Diversi\u00f3n"},"content":{"rendered":"<p>El Ministerio de Cultura, junto al Despacho de la Primera Dama de la Rep\u00fablica, invitan a los ni\u00f1os y ni\u00f1as a participar de una semana interactiva llamada \u201cAnimarte: Arte en Cultura y Diversi\u00f3n\u201d, en donde podr\u00e1n compartir momentos virtuales de alegr\u00eda y sana diversi\u00f3n con el Show de Pepina, Cuenta Cuentos, Taller de Ballet, Taller de Dibujo y Pintura y C\u00edrculo no tan redondo, del 13 al 17 de julio de 2020.<\/p>\n<p>Zuleyka Barrios, Directora de Recursos Humanos de MiCultura, dijo que esta semana es para los peque\u00f1os de la casa y est\u00e1 dirigida al p\u00fablico infantil con edades entre 3 y 14 a\u00f1os, para lo cual habr\u00e1 actividades que podr\u00e1n apreciarse desde el canal de Youtube del ministerio cultural desde las 10 de la ma\u00f1ana.<\/p>\n<p>\u201cEn estos momentos, la cuarentena resulta ser un desaf\u00edo m\u00e1s cuando tenemos nuestros ni\u00f1os en casa. A\u00f1o tras a\u00f1o, los ni\u00f1os esperan con mucha ilusi\u00f3n la celebraci\u00f3n del d\u00eda del Ni\u00f1o y la Ni\u00f1a con la popular feria que como de costumbre se realiza en el Parque Omar.<\/p>\n<p>Este a\u00f1o, por razones del Covid-19, no podemos disfrutar de actividades en el sitio, y por ello trasladamos a las redes sociales toda las actividades y experiencias dise\u00f1adas para ellos\u201d, explic\u00f3 Barrios.<\/p>\n<p><strong>Cronograma de Actividades: <\/strong><\/p>\n<ul>\n<li>Animarte comenz\u00f3 el lunes 13 de julio a las 10- 11a.m., con Cuenta Cuentos por la Prof. Luz mar\u00eda Fr\u00edas, (Direcci\u00f3n de Patrimonio Hist\u00f3rico), para ni\u00f1os de 3 a 10 a\u00f1os que ingresen a la plataforma digital, para ense\u00f1ar reflexivas que a trav\u00e9s de la palabra, voz y gestos trasmitiremos ense\u00f1anzas y mensajes positivos enfocados en valores.<\/li>\n<\/ul>\n<p>&nbsp;<\/p>\n<ul>\n<li>Martes 14 de julio de 10-11 a.m., Taller de Ballet por la Prof. Dayana Hern\u00e1ndez, (Movimiento Nueva Generaci\u00f3n), se les dar\u00e1 a ni\u00f1os 3 a 10 a\u00f1os pasos y rutinas b\u00e1sicas de Ballet, llevar ropa c\u00f3moda.<\/li>\n<\/ul>\n<p>&nbsp;<\/p>\n<ul>\n<li>Mi\u00e9rcoles 15 de julio de 10-11 a.m., Taller de Dibujo y Pintura por la Prof. Noem\u00ed de Dandrade, tendr\u00e1n para ni\u00f1os de 3 a 8 a\u00f1os, clases sencillas de dibujo y pintura, tomando en consideraci\u00f3n un contenido acad\u00e9mico, practico y cultural, necesitar\u00e1n hojas o libretas de dibujo tama\u00f1o de 8 1\/2x 14\u201d, l\u00e1piz B o 2B, l\u00e1pices de colores, regla, borrador Toallita y papel delantal.<\/li>\n<\/ul>\n<p>&nbsp;<\/p>\n<ul>\n<li>Mi\u00e9rcoles 15 de julio de 2-3 p.m., Taller de Dibujo y Pintura por la Prof. Benito Santana, ense\u00f1ar\u00e1 a ni\u00f1os de 9 -14 a\u00f1os a desarrollar en los participantes el proceso creativo, como punto elemental al desarrollar una obra pl\u00e1stica, aqu\u00ed necesitar\u00e1n libreta de dibujo Canva (tama\u00f1o aproximadamente 14 X 17\u201d) l\u00e1piz B o 2B, T\u00e9mpera o acr\u00edlico, pinceles suaves, regla, borrador, toallita o papel toalla, envase para agua, delantal.<\/li>\n<\/ul>\n<p>Cabe destacar que ambos profesores laboran en la Escuela de Artes Pl\u00e1sticas del Ministerio de Cultura.<\/p>\n<p>&nbsp;<\/p>\n<ul>\n<li>Jueves 16 de julio, 1-2 p.m., C\u00edrculo no tan redondo dirigido por Profesor Carlos Fong, Direcci\u00f3n de Derechos Culturales y Ciudadan\u00eda, ense\u00f1ar\u00e1 a los ni\u00f1os de 9 a 10 a\u00f1os y adolescentes la importancia de leer de una forma amigable logrando crear el h\u00e1bito de la lectura en los participantes.<\/li>\n<\/ul>\n<p>&nbsp;<\/p>\n<ul>\n<li>Viernes 17 de julio en horario de 10-11 a.m., Show Virtual de Pepina por Lcda. Damaris V\u00e1squez (Direcci\u00f3n Nacional de Las Artes). Promover\u00e1 valores por medio de canciones juegos y din\u00e1micas a ni\u00f1os de 3 a 14 a\u00f1os.<\/li>\n<\/ul>\n<p>Fuente:\u00a0 MiCultura<\/p>\n<p>&nbsp;<\/p>\n","protected":false},"excerpt":{"rendered":"<p>El Ministerio de Cultura, junto al Despacho de la Primera <a href=\"https:\/\/sertv.gob.pa\/crisolfm\/micultura-invita-a-animarte-arte-en-cultura-y-diversion\/\"> [&#8230;]<\/a><\/p>\n","protected":false},"author":64,"featured_media":30557,"comment_status":"closed","ping_status":"closed","sticky":false,"template":"","format":"standard","meta":{"footnotes":""},"categories":[6],"tags":[],"class_list":["post-30556","post","type-post","status-publish","format-standard","has-post-thumbnail","hentry","category-culturales"],"_links":{"self":[{"href":"https:\/\/sertv.gob.pa\/crisolfm\/wp-json\/wp\/v2\/posts\/30556","targetHints":{"allow":["GET"]}}],"collection":[{"href":"https:\/\/sertv.gob.pa\/crisolfm\/wp-json\/wp\/v2\/posts"}],"about":[{"href":"https:\/\/sertv.gob.pa\/crisolfm\/wp-json\/wp\/v2\/types\/post"}],"author":[{"embeddable":true,"href":"https:\/\/sertv.gob.pa\/crisolfm\/wp-json\/wp\/v2\/users\/64"}],"replies":[{"embeddable":true,"href":"https:\/\/sertv.gob.pa\/crisolfm\/wp-json\/wp\/v2\/comments?post=30556"}],"version-history":[{"count":1,"href":"https:\/\/sertv.gob.pa\/crisolfm\/wp-json\/wp\/v2\/posts\/30556\/revisions"}],"predecessor-version":[{"id":30559,"href":"https:\/\/sertv.gob.pa\/crisolfm\/wp-json\/wp\/v2\/posts\/30556\/revisions\/30559"}],"wp:featuredmedia":[{"embeddable":true,"href":"https:\/\/sertv.gob.pa\/crisolfm\/wp-json\/wp\/v2\/media\/30557"}],"wp:attachment":[{"href":"https:\/\/sertv.gob.pa\/crisolfm\/wp-json\/wp\/v2\/media?parent=30556"}],"wp:term":[{"taxonomy":"category","embeddable":true,"href":"https:\/\/sertv.gob.pa\/crisolfm\/wp-json\/wp\/v2\/categories?post=30556"},{"taxonomy":"post_tag","embeddable":true,"href":"https:\/\/sertv.gob.pa\/crisolfm\/wp-json\/wp\/v2\/tags?post=30556"}],"curies":[{"name":"wp","href":"https:\/\/api.w.org\/{rel}","templated":true}]}}