{"id":30581,"date":"2020-07-17T16:18:54","date_gmt":"2020-07-17T16:18:54","guid":{"rendered":"https:\/\/sertv.gob.pa\/crisolfm\/?p=30581"},"modified":"2020-07-17T16:18:54","modified_gmt":"2020-07-17T16:18:54","slug":"lisette-oropesa-debuta-en-el-real-la-traviata-con-sed-de-publico-en-vivo","status":"publish","type":"post","link":"https:\/\/sertv.gob.pa\/crisolfm\/lisette-oropesa-debuta-en-el-real-la-traviata-con-sed-de-publico-en-vivo\/","title":{"rendered":"Lisette Oropesa debuta en el Real \u00abLa Traviata\u00bb con \u00absed\u00bb de p\u00fablico en vivo"},"content":{"rendered":"<p>La soprano norteamericana Lisette Oropesa tiene \u00absed\u00bb de \u00abestar entre las personas cantando\u00bb y, por eso, cuando este s\u00e1bado debute en \u00abLa Traviata\u00bb en el Real, \u00abbeber\u00e1\u00bb mucho de la energ\u00eda del p\u00fablico: \u00abTodos estamos felices de tener la oportunidad de o\u00edr m\u00fasica en vivo de nuevo\u00bb, dice en una entrevista con EFE.<\/p>\n<p>Oropesa (Nueva Orleans, 1983) ser\u00e1 Violetta los d\u00edas 18, 22, 25 y 28 en la producci\u00f3n con la que el Teatro Real de Madrid ha reabierto sus puertas, y por la que desde el d\u00eda 1 han pasado buena parte de los elencos que deb\u00edan haber cantado las funciones previstas el pasado mes de mayo, adem\u00e1s de las programadas en un inicio para julio.<\/p>\n<p>\u00abAntes de la pandemia yo iba a cantar en mayo. Luego, cuando el teatro decidi\u00f3 reabrir y se hicieron los planes, me propusieron que protagonizara las primeras funciones de julio, pero para eso habr\u00eda tenido que viajar a Madrid en junio y la situaci\u00f3n entonces a\u00fan no estaba bien y yo ten\u00eda mucho miedo de viajar. No estaba lista\u00bb, reconoce.<\/p>\n<p>Ahora, precisa, aunque la situaci\u00f3n \u00abest\u00e1 todav\u00eda un poco fresca\u00bb, \u00abcon tantas personas muertas y tantas personas enfermas\u00bb en Estados Unidos y en el resto del mundo, se ha animado a viajar previa prueba de covid, \u00abpor supuesto, negativa\u00bb, se r\u00ede.<\/p>\n<p>Ha pasado un confinamiento \u00abrazonable\u00bb, porque donde ella vive hay mucho espacio, pero sabe de muchos compa\u00f1eros y de mucha gente en su entorno que han tenido un encierro \u00abmuy dif\u00edcil\u00bb.<\/p>\n<p>\u00abPor eso, porque venimos de esa situaci\u00f3n, el p\u00fablico va a estar muy feliz de tener la oportunidad de o\u00edr otra vez cantar en vivo. Tengo sed de estar entre las personas cantando y haciendo m\u00fasica. Voy a beber mucho\u00bb, se r\u00ede.<\/p>\n<p>La del Real es su primera actuaci\u00f3n tras la pandemia y est\u00e1 \u00abemocionada\u00bb: \u00abLo extra\u00f1o tant\u00edsimo&#8230; Me hace mucha falta estar entre personas. Lo virtual nunca va a sustituir esa emoci\u00f3n\u00bb.<\/p>\n<p>El teatro les ha explicado \u00abmuy bien\u00bb todas las medidas de seguridad, los protocolos que deben seguir y antes de viajar ya ten\u00eda v\u00eddeos de c\u00f3mo estaban siendo las funciones y de c\u00f3mo deb\u00edan moverse en las cuadr\u00edculas en las que se ha dividido el escenario en esta versi\u00f3n semiescenificada de la \u00f3pera de Verdi.<\/p>\n<p>Despu\u00e9s de sus funciones en Madrid, donde compartir\u00e1 escena con Ivan Magri en el papel de Alfredo y de Nicola Alaimo en el del padre de su amado, se quedar\u00e1 en Europa porque en agosto tiene el proyecto de grabar un nuevo disco, que ser\u00e1 de arias con orquesta, aunque a\u00fan no puede decir m\u00e1s.<\/p>\n<p>Fuente:\u00a0\u00a0 EFE<\/p>\n<p>&nbsp;<\/p>\n","protected":false},"excerpt":{"rendered":"<p>La soprano norteamericana Lisette Oropesa tiene \u00absed\u00bb de \u00abestar entre <a href=\"https:\/\/sertv.gob.pa\/crisolfm\/lisette-oropesa-debuta-en-el-real-la-traviata-con-sed-de-publico-en-vivo\/\"> [&#8230;]<\/a><\/p>\n","protected":false},"author":64,"featured_media":30582,"comment_status":"closed","ping_status":"closed","sticky":false,"template":"","format":"standard","meta":{"footnotes":""},"categories":[6],"tags":[],"class_list":["post-30581","post","type-post","status-publish","format-standard","has-post-thumbnail","hentry","category-culturales"],"_links":{"self":[{"href":"https:\/\/sertv.gob.pa\/crisolfm\/wp-json\/wp\/v2\/posts\/30581","targetHints":{"allow":["GET"]}}],"collection":[{"href":"https:\/\/sertv.gob.pa\/crisolfm\/wp-json\/wp\/v2\/posts"}],"about":[{"href":"https:\/\/sertv.gob.pa\/crisolfm\/wp-json\/wp\/v2\/types\/post"}],"author":[{"embeddable":true,"href":"https:\/\/sertv.gob.pa\/crisolfm\/wp-json\/wp\/v2\/users\/64"}],"replies":[{"embeddable":true,"href":"https:\/\/sertv.gob.pa\/crisolfm\/wp-json\/wp\/v2\/comments?post=30581"}],"version-history":[{"count":1,"href":"https:\/\/sertv.gob.pa\/crisolfm\/wp-json\/wp\/v2\/posts\/30581\/revisions"}],"predecessor-version":[{"id":30583,"href":"https:\/\/sertv.gob.pa\/crisolfm\/wp-json\/wp\/v2\/posts\/30581\/revisions\/30583"}],"wp:featuredmedia":[{"embeddable":true,"href":"https:\/\/sertv.gob.pa\/crisolfm\/wp-json\/wp\/v2\/media\/30582"}],"wp:attachment":[{"href":"https:\/\/sertv.gob.pa\/crisolfm\/wp-json\/wp\/v2\/media?parent=30581"}],"wp:term":[{"taxonomy":"category","embeddable":true,"href":"https:\/\/sertv.gob.pa\/crisolfm\/wp-json\/wp\/v2\/categories?post=30581"},{"taxonomy":"post_tag","embeddable":true,"href":"https:\/\/sertv.gob.pa\/crisolfm\/wp-json\/wp\/v2\/tags?post=30581"}],"curies":[{"name":"wp","href":"https:\/\/api.w.org\/{rel}","templated":true}]}}