{"id":30591,"date":"2020-07-17T18:01:00","date_gmt":"2020-07-17T18:01:00","guid":{"rendered":"https:\/\/sertv.gob.pa\/crisolfm\/?p=30591"},"modified":"2020-07-17T18:01:00","modified_gmt":"2020-07-17T18:01:00","slug":"rafael-probablemente-murio-de-pulmonia-y-no-de-sifilis-segun-un-estudio","status":"publish","type":"post","link":"https:\/\/sertv.gob.pa\/crisolfm\/rafael-probablemente-murio-de-pulmonia-y-no-de-sifilis-segun-un-estudio\/","title":{"rendered":"Rafael probablemente muri\u00f3 de pulmon\u00eda y no de s\u00edfilis, seg\u00fan un estudio"},"content":{"rendered":"<p>El pintor renacentista italiano Rafael falleci\u00f3 probablemente por una pulmon\u00eda y un \u00aberror m\u00e9dico\u00bb en su cura, en vez de por la s\u00edfilis que tradicionalmente se le atribuy\u00f3 debido a su \u00abvida libertina\u00bb, seg\u00fan public\u00f3 hoy en su p\u00e1gina web la Universidad de Mil\u00e1n-Bicocca.<\/p>\n<p>Un equipo de m\u00e9dicos e historiadores de la medicina ha realizado un estudio que pone en duda la causa hasta ahora atribuida a su muerte, precisamente cuando se cumplen 500 a\u00f1os de su fallecimiento, el 6 de abril de 1520 en Roma, cuando ten\u00eda 37 a\u00f1os.<\/p>\n<p>Esta investigaci\u00f3n se\u00f1ala la pulmon\u00eda como la opci\u00f3n \u00abm\u00e1s plausible\u00bb, seguramente agravada por aplicarle una sangr\u00eda, un m\u00e9todo mediante el cual se extra\u00eda sangre al enfermo para curarle.<\/p>\n<p>\u00abNos hemos basado en fuentes directas e indirectas de la \u00e9poca para profundizar en las circunstancias de la muerte de Rafael\u00bb, explic\u00f3 el investigador de historia de la medicina Michele Augusto Riva, responsable de la publicaci\u00f3n del estudio en la revista Internal and Emergency Medicine.<\/p>\n<p>La raz\u00f3n del deceso del artista fue atribuida por algunos autores a la s\u00edfilis, por \u00abuna conducta de vida muy libertina\u00bb, apunta Riva, pero esta enfermedad tiene un desarrollo muy largo mientras que Rafael muri\u00f3 entre 8 y 10 d\u00edas despu\u00e9s de mostrar los primeros s\u00edntomas.<\/p>\n<p>El escritor Giorgio Vasari, c\u00e9lebre por sus biograf\u00edas de los artistas del Renacimiento, argument\u00f3 que Rafael muri\u00f3 tras \u00abentregarse sin medida a los placeres\u00bb y \u00abno confesar a los m\u00e9dicos los excesos que hab\u00eda cometido\u00bb, por lo que le aplicaron una sangr\u00eda que empeor\u00f3 su condici\u00f3n.<\/p>\n<p>Este m\u00e9todo era un muy popular en la \u00e9poca, pero est\u00e1 \u00ababsolutamente desaconsejado en caso de fiebre pulmonar\u00bb, aclara el investigador que ha conducido el estudio.<\/p>\n<p>La publicaci\u00f3n tambi\u00e9n saca a la luz que la sangr\u00eda, a pesar de estar en boga en el siglo XVI, ya ten\u00eda muchos detractores entre los m\u00e9dicos del momento.<\/p>\n<p>Rafael, ya encumbrado a lo m\u00e1s alto al final de sus d\u00edas por sus mecenas como el papa Le\u00f3n X, \u00abfue tratado por los mejores m\u00e9dicos de Roma\u00bb, que a pesar de ello segu\u00edan convencidos que extraer la sangre era la mejor manera de tratar la enfermedad que padec\u00eda el artista.<\/p>\n<p>Adem\u00e1s de la s\u00edfilis, los investigadores han descartado otras enfermedades que se han atribuido como causa de la muerte del pintor de \u00abLa Fornarina\u00bb, como la malaria o el tifus por las diferencias con los s\u00edntomas que padeci\u00f3.<\/p>\n<p>\u00abEl recorrido de la enfermedad induce a pensar en una forma de pulmon\u00eda. No lo podemos afirmar con seguridad ni hipotizar que tenga un origen bacteriano o viral, como la COVID-19\u00bb, dijo Riva.<\/p>\n<p>Para llegar a esa conclusi\u00f3n, los autores del estudio se han basado en los s\u00edntomas que le atribuyen las fuentes de su \u00e9poca: no haber padecido p\u00e9rdidas de conciencia, la ausencia de s\u00edntomas gastroenter\u00edticos y la fiebre continua.<\/p>\n<p>Tras su muerte, el 6 de abril de 1520, Rafael fue enterrado con todos los honores en el Pante\u00f3n de Roma, donde yace con el epitafio dedicado por su amigo Pietro Bembo: \u00abAqu\u00ed yace Rafael, quien mientras vivi\u00f3 hizo temer a la naturaleza ser superada por \u00e9l y que, cuando muri\u00f3, temi\u00f3 morir con \u00e9l\u00bb.<\/p>\n<p>Fuente:\u00a0\u00a0 EFE<\/p>\n<p>&nbsp;<\/p>\n","protected":false},"excerpt":{"rendered":"<p>El pintor renacentista italiano Rafael falleci\u00f3 probablemente por una pulmon\u00eda <a href=\"https:\/\/sertv.gob.pa\/crisolfm\/rafael-probablemente-murio-de-pulmonia-y-no-de-sifilis-segun-un-estudio\/\"> [&#8230;]<\/a><\/p>\n","protected":false},"author":64,"featured_media":30592,"comment_status":"closed","ping_status":"closed","sticky":false,"template":"","format":"standard","meta":{"footnotes":""},"categories":[6],"tags":[],"class_list":["post-30591","post","type-post","status-publish","format-standard","has-post-thumbnail","hentry","category-culturales"],"_links":{"self":[{"href":"https:\/\/sertv.gob.pa\/crisolfm\/wp-json\/wp\/v2\/posts\/30591","targetHints":{"allow":["GET"]}}],"collection":[{"href":"https:\/\/sertv.gob.pa\/crisolfm\/wp-json\/wp\/v2\/posts"}],"about":[{"href":"https:\/\/sertv.gob.pa\/crisolfm\/wp-json\/wp\/v2\/types\/post"}],"author":[{"embeddable":true,"href":"https:\/\/sertv.gob.pa\/crisolfm\/wp-json\/wp\/v2\/users\/64"}],"replies":[{"embeddable":true,"href":"https:\/\/sertv.gob.pa\/crisolfm\/wp-json\/wp\/v2\/comments?post=30591"}],"version-history":[{"count":1,"href":"https:\/\/sertv.gob.pa\/crisolfm\/wp-json\/wp\/v2\/posts\/30591\/revisions"}],"predecessor-version":[{"id":30593,"href":"https:\/\/sertv.gob.pa\/crisolfm\/wp-json\/wp\/v2\/posts\/30591\/revisions\/30593"}],"wp:featuredmedia":[{"embeddable":true,"href":"https:\/\/sertv.gob.pa\/crisolfm\/wp-json\/wp\/v2\/media\/30592"}],"wp:attachment":[{"href":"https:\/\/sertv.gob.pa\/crisolfm\/wp-json\/wp\/v2\/media?parent=30591"}],"wp:term":[{"taxonomy":"category","embeddable":true,"href":"https:\/\/sertv.gob.pa\/crisolfm\/wp-json\/wp\/v2\/categories?post=30591"},{"taxonomy":"post_tag","embeddable":true,"href":"https:\/\/sertv.gob.pa\/crisolfm\/wp-json\/wp\/v2\/tags?post=30591"}],"curies":[{"name":"wp","href":"https:\/\/api.w.org\/{rel}","templated":true}]}}