{"id":30619,"date":"2020-07-20T13:31:00","date_gmt":"2020-07-20T13:31:00","guid":{"rendered":"https:\/\/sertv.gob.pa\/crisolfm\/?p=30619"},"modified":"2020-07-20T13:31:00","modified_gmt":"2020-07-20T13:31:00","slug":"ano-iberoamericano-de-la-musica-es-celebrado-por-micultura-con-los-concursos-de-iberorquestas","status":"publish","type":"post","link":"https:\/\/sertv.gob.pa\/crisolfm\/ano-iberoamericano-de-la-musica-es-celebrado-por-micultura-con-los-concursos-de-iberorquestas\/","title":{"rendered":"A\u00f1o Iberoamericano de la m\u00fasica es celebrado por MiCultura con los concursos de Iberorquestas"},"content":{"rendered":"<p>El Ministerio de Cultura (MiCultura),\u00a0invita a j\u00f3venes m\u00fasicos a participar de las convocatorias para los concursos Joven Int\u00e9rprete Iberorquestas Juveniles 2020 y Agrupaci\u00f3n Joven a\u00f1o Iberoamericano de la M\u00fasica 2020, del Programa Iberorquestas Juveniles, las cuales estar\u00e1n abiertas hasta el 30 de agosto de 2020.<\/p>\n<p>El prop\u00f3sito de la presente convocatoria es destacar a aquellas agrupaciones e int\u00e9rpretes que mejor reflejen la misi\u00f3n, visi\u00f3n y objetivos que fundamentan el Programa Iberorquestas Juveniles y que pueden encontrarse accediendo al enlace www.iberorquestasjuveniles.org\/quienes-somos), valor\u00e1ndose especialmente el compromiso que los postulantes hayan demostrado con la agrupaci\u00f3n de la que forman parte y con la realidad social en la que viven.<\/p>\n<p>Para participar de estas convocatorias enviar documentaci\u00f3n al representante de Ibeorquestas en Panam\u00e1 a trav\u00e9s del Ministerio de Cultura el maestro Dino Nuggent, director de la Red de Orquestas y Coros Juveniles de Panam\u00e1 al correo electr\u00f3nico dnugent@micultura.gob.pa<\/p>\n<p>Entre los requisitos para participar del Concurso Joven Interprete est\u00e1n:<\/p>\n<p>Tener entre 12 y 22 a\u00f1os de edad al 1\u00b0 de junio de 2020, estar integrados de manera regular en una agrupaci\u00f3n musical parte de la estructura nacional del pa\u00eds que presenta las candidaturas y destacar, a trav\u00e9s de su participaci\u00f3n en los sistemas orquestales y corales nacionales, en la misi\u00f3n, visi\u00f3n y objetivos que promueve el Programa Iberorquestas Juveniles.<\/p>\n<p>La presentaci\u00f3n de cada candidatura se har\u00e1 ante el representante de Iberorquestas en Panam\u00e1 y constar\u00e1 de lo siguiente: Carta de motivaci\u00f3n, curriculum u hoja de vida, autorizaci\u00f3n firmada por padre, madre o tutor\/a en caso de que sea menor de edad y video representativo de su nivel t\u00e9cnico actual con una duraci\u00f3n de 5 minutos.<\/p>\n<p>Mientras que para participar del Concurso Agrupaci\u00f3n Iberorquestas Juveniles 2020 los interesados deben tener una trayectoria m\u00ednima de 3 a\u00f1os de funcionamiento al 1\u00b0 de junio de 2020, formar parte de la estructura nacional de cada pa\u00eds participante, promover los objetivos del Programa Iberorquestas Juveniles.<\/p>\n<p>Los postulantes se deben destacar en las siguientes \u00e1reas: Capacidad t\u00e9cnica, se considerar\u00e1 la experiencia est\u00e9tica y la calidad art\u00edstica en el contexto en que opera la agrupaci\u00f3n, Impacto social de la agrupaci\u00f3n, valor\u00e1ndose especialmente las agrupaciones situadas en n\u00facleos de poblaci\u00f3n peque\u00f1os, remotos o en zonas de vulnerabilidad socioecon\u00f3mica, diversidad de la orquesta, coro o agrupaci\u00f3n, Iberorquestas Juveniles.<\/p>\n<p>Adicional los candidatos deben estar firmemente comprometido en promover la diversidad en sus proyectos, con especial atenci\u00f3n a la inclusi\u00f3n de ni\u00f1as, minor\u00edas \u00e9tnicas y personas con discapacidades, presencia de factores de innovaci\u00f3n en la actividad o car\u00e1cter de la agrupaci\u00f3n., equidad de g\u00e9nero: Se tomar\u00e1n en cuenta los pasos dados por la agrupaci\u00f3n candidata hacia la educaci\u00f3n y sensibilizaci\u00f3n en igualdad de g\u00e9nero.<\/p>\n<p>Las candidaturas podr\u00e1n estar acompa\u00f1adas de la documentaci\u00f3n justificativa (v\u00eddeos, art\u00edculos de prensa, reconocimientos previos) que se estime oportuna a\u00f1adir, para facilitar la decisi\u00f3n \u00faltima del jurado.<\/p>\n<p>El fallo del jurado se har\u00e1 p\u00fablico en noviembre de 2020. Los ganadores de ambas modalidades ser\u00e1n difundidos por medio de los canales del Programa Iberorquestas Juveniles y del Ministerio de Cultura.<\/p>\n<p>El Programa de Apoyo para la Constituci\u00f3n del Espacio Musical Iberoamericano IBERORQUESTAS Juveniles, es un proyecto de cooperaci\u00f3n t\u00e9cnica y financiera para fomentar el desarrollo musical, especialmente entre la ni\u00f1ez y la juventud de medianos y peque\u00f1os recursos y en situaciones de riesgo social.<\/p>\n<p>Para mayor informaci\u00f3n y conocer las bases ingresar a: www.iberorquestasjuveniles.org\/convocatorias o comunicarse al 501-4871. Tambi\u00e9n s\u00edganos en nuestras redes twitter e Instagram: @miculturapma y Facebook y Youtube: Ministerio de Cultura de Panam\u00e1.<\/p>\n<p>Fuente:\u00a0 MiCultura<\/p>\n","protected":false},"excerpt":{"rendered":"<p>El Ministerio de Cultura (MiCultura),\u00a0invita a j\u00f3venes m\u00fasicos a participar <a href=\"https:\/\/sertv.gob.pa\/crisolfm\/ano-iberoamericano-de-la-musica-es-celebrado-por-micultura-con-los-concursos-de-iberorquestas\/\"> [&#8230;]<\/a><\/p>\n","protected":false},"author":64,"featured_media":30620,"comment_status":"closed","ping_status":"closed","sticky":false,"template":"","format":"standard","meta":{"footnotes":""},"categories":[6],"tags":[],"class_list":["post-30619","post","type-post","status-publish","format-standard","has-post-thumbnail","hentry","category-culturales"],"_links":{"self":[{"href":"https:\/\/sertv.gob.pa\/crisolfm\/wp-json\/wp\/v2\/posts\/30619","targetHints":{"allow":["GET"]}}],"collection":[{"href":"https:\/\/sertv.gob.pa\/crisolfm\/wp-json\/wp\/v2\/posts"}],"about":[{"href":"https:\/\/sertv.gob.pa\/crisolfm\/wp-json\/wp\/v2\/types\/post"}],"author":[{"embeddable":true,"href":"https:\/\/sertv.gob.pa\/crisolfm\/wp-json\/wp\/v2\/users\/64"}],"replies":[{"embeddable":true,"href":"https:\/\/sertv.gob.pa\/crisolfm\/wp-json\/wp\/v2\/comments?post=30619"}],"version-history":[{"count":1,"href":"https:\/\/sertv.gob.pa\/crisolfm\/wp-json\/wp\/v2\/posts\/30619\/revisions"}],"predecessor-version":[{"id":30621,"href":"https:\/\/sertv.gob.pa\/crisolfm\/wp-json\/wp\/v2\/posts\/30619\/revisions\/30621"}],"wp:featuredmedia":[{"embeddable":true,"href":"https:\/\/sertv.gob.pa\/crisolfm\/wp-json\/wp\/v2\/media\/30620"}],"wp:attachment":[{"href":"https:\/\/sertv.gob.pa\/crisolfm\/wp-json\/wp\/v2\/media?parent=30619"}],"wp:term":[{"taxonomy":"category","embeddable":true,"href":"https:\/\/sertv.gob.pa\/crisolfm\/wp-json\/wp\/v2\/categories?post=30619"},{"taxonomy":"post_tag","embeddable":true,"href":"https:\/\/sertv.gob.pa\/crisolfm\/wp-json\/wp\/v2\/tags?post=30619"}],"curies":[{"name":"wp","href":"https:\/\/api.w.org\/{rel}","templated":true}]}}