{"id":30623,"date":"2020-07-20T13:57:41","date_gmt":"2020-07-20T13:57:41","guid":{"rendered":"https:\/\/sertv.gob.pa\/crisolfm\/?p=30623"},"modified":"2020-07-20T13:57:41","modified_gmt":"2020-07-20T13:57:41","slug":"micultura-te-lleva-a-recorrer-de-forma-virtual-el-festival-nacional-de-la-pollera","status":"publish","type":"post","link":"https:\/\/sertv.gob.pa\/crisolfm\/micultura-te-lleva-a-recorrer-de-forma-virtual-el-festival-nacional-de-la-pollera\/","title":{"rendered":"MiCultura te lleva a recorrer de forma virtual el Festival Nacional de la Pollera"},"content":{"rendered":"<p>El Ministerio de Cultura (MiCultura), a trav\u00e9s de su Direcci\u00f3n Nacional de Folklore se une de manera virtual a la versi\u00f3n 2020 del Festival Nacional de la Pollera con una serie de eventos que la audiencia podr\u00e1 disfrutar a trav\u00e9s de las plataformas digitales de la instituci\u00f3n como Youtube y Facebook.<\/p>\n<p>Las actividades que ha organizado MiCultura comenzaron este mi\u00e9rcoles 15 de julio con el concurso realce de la pollera y de la camisilla, donde se invita a f\u00e9minas y caballeros de todas las edades a que se tomen una fotograf\u00eda correctamente ataviados con vestimenta t\u00edpica, la suban a su cuenta de instagram mencionando las cuentas de @miculturapma, @joyeriaanaisanai y @leoneslt08 con las etiquetas #MiPolleraMiCultura #MiCamisillaMiCultura #MiCulturaEnCasa<\/p>\n<p>Para este concurso se tomar\u00e1n en cuenta las fotograf\u00edas compartidas hasta el 22 de julio a las 7pm., y las damas que participen pueden usar polleras de cualquier regi\u00f3n del pa\u00eds. Las im\u00e1genes con m\u00e1s \u201cme gusta\u201d ganar\u00e1n premios de Joyer\u00eda Anais Anais y bonos de consumo de parte del Club de Leones de Las Tablas. Los interesados pueden consultar las bases en @miculturapma<\/p>\n<p>Ser\u00e1n tres premios para la pollera y tres para la camisilla, adem\u00e1s las artesanas detr\u00e1s de las indumentarias ganadoras ser\u00e1n igualmente premiadas. Adicional se ha contemplado obsequiar entre los ni\u00f1os participantes una medalla cortes\u00eda de la familia D\u00edaz de Las Tablas.<\/p>\n<p>El 18 de julio, un distinguido panel de expertos estar\u00e1 conversando sobre los \u201cAntecedentes hist\u00f3ricos y evoluci\u00f3n del festival nacional de la pollera\u201d a las 10am, mientras que el domingo 19 se presentar\u00e1 una cronolog\u00eda con el fin de que el p\u00fablico conozca esa convergencia de las fiestas Patronales de Santa Librada con todos los concursos que se llevan a cabo dentro del Festival Nacional de la Pollera.<\/p>\n<p>El relato sobre como Santa Librada se convirti\u00f3 en la patrona de la ciudad de Las Tablas ser\u00e1 la tem\u00e1tica a abordar el lunes 20 desde las 10:00am., en el especial \u201cEntre la historia y la tradici\u00f3n\u201d, con la participaci\u00f3n del P\u00e1rroco de la iglesia de este pueblo, los m\u00fasicos Nenito Vargas, Jonathan Ch\u00e1vez, Adonis C\u00e1rdenas quienes a trav\u00e9s de sus letras resaltan esa f\u00e9 y amor a esta Santa.<\/p>\n<p>Para el mi\u00e9rcoles 22 de julio estaremos con la \u201cValoraci\u00f3n de mano de obra paname\u00f1a\u201d, pasarela de polleras ganadoras de la medalla Margarita Lozano y en las que estar\u00e1n tres damas que se han llevado el m\u00e1ximo galard\u00f3n de este festival como lo son: Marielis Vargas, Dania Mar\u00eda Vergara y Loreine S\u00e1nchez con sus respectivas artesanas, contando experiencias de la elaboraci\u00f3n de las mismas.<\/p>\n<p>Los ganadores de los concursos realce de la pollera y camisilla se dar\u00e1n a conocer el jueves 23 de julio a las 5:00 p.m., a trav\u00e9s de las redes sociales de @miculturapma<\/p>\n<p>Karen Peralta, directora nacional de folklore de MiCultura dijo que a trav\u00e9s de este recorrido virtual se ha querido mantener el esp\u00edritu vivo de nuestra cultura y tradiciones, aprovechando esta oportunidad tecnol\u00f3gica para conectarnos con audiencias de diversas partes del pa\u00eds y del mundo en donde documentamos a trav\u00e9s de viva voz de sus actores esta informaci\u00f3n importante e interesante y conozcamos el contenido y profundidad de nuestros festivales.<\/p>\n<p>Los detalles y bases de los concursos, adem\u00e1s de la agenda de actividades pueden ser consultadas a trav\u00e9s de las redes de sociales del Ministerio de Cultura, @miculturapma en Instagram y twitter y Ministerio de Cultura de Panam\u00e1 en Facebook y Youtube.<\/p>\n<p>El Festival Nacional de la Pollera se realiza desde 1957, dentro del marco de las Fiestas Patronales de Santa Librada en la ciudad de Las Tablas. Fue instituido oficialmente por la Ley 50 del 24 noviembre de 1961 y se efect\u00faa el 22 de julio de cada a\u00f1o, por lo que este a\u00f1o a causa de la pandemia por el COVID 19, MiCultura les invita a mantener el legado de esta festividad, pero de manera virtual.<\/p>\n<p>Fuente:\u00a0 MiCultura<\/p>\n","protected":false},"excerpt":{"rendered":"<p>El Ministerio de Cultura (MiCultura), a trav\u00e9s de su Direcci\u00f3n <a href=\"https:\/\/sertv.gob.pa\/crisolfm\/micultura-te-lleva-a-recorrer-de-forma-virtual-el-festival-nacional-de-la-pollera\/\"> [&#8230;]<\/a><\/p>\n","protected":false},"author":64,"featured_media":30624,"comment_status":"closed","ping_status":"closed","sticky":false,"template":"","format":"standard","meta":{"footnotes":""},"categories":[6],"tags":[],"class_list":["post-30623","post","type-post","status-publish","format-standard","has-post-thumbnail","hentry","category-culturales"],"_links":{"self":[{"href":"https:\/\/sertv.gob.pa\/crisolfm\/wp-json\/wp\/v2\/posts\/30623","targetHints":{"allow":["GET"]}}],"collection":[{"href":"https:\/\/sertv.gob.pa\/crisolfm\/wp-json\/wp\/v2\/posts"}],"about":[{"href":"https:\/\/sertv.gob.pa\/crisolfm\/wp-json\/wp\/v2\/types\/post"}],"author":[{"embeddable":true,"href":"https:\/\/sertv.gob.pa\/crisolfm\/wp-json\/wp\/v2\/users\/64"}],"replies":[{"embeddable":true,"href":"https:\/\/sertv.gob.pa\/crisolfm\/wp-json\/wp\/v2\/comments?post=30623"}],"version-history":[{"count":1,"href":"https:\/\/sertv.gob.pa\/crisolfm\/wp-json\/wp\/v2\/posts\/30623\/revisions"}],"predecessor-version":[{"id":30625,"href":"https:\/\/sertv.gob.pa\/crisolfm\/wp-json\/wp\/v2\/posts\/30623\/revisions\/30625"}],"wp:featuredmedia":[{"embeddable":true,"href":"https:\/\/sertv.gob.pa\/crisolfm\/wp-json\/wp\/v2\/media\/30624"}],"wp:attachment":[{"href":"https:\/\/sertv.gob.pa\/crisolfm\/wp-json\/wp\/v2\/media?parent=30623"}],"wp:term":[{"taxonomy":"category","embeddable":true,"href":"https:\/\/sertv.gob.pa\/crisolfm\/wp-json\/wp\/v2\/categories?post=30623"},{"taxonomy":"post_tag","embeddable":true,"href":"https:\/\/sertv.gob.pa\/crisolfm\/wp-json\/wp\/v2\/tags?post=30623"}],"curies":[{"name":"wp","href":"https:\/\/api.w.org\/{rel}","templated":true}]}}