{"id":30672,"date":"2020-07-21T13:23:49","date_gmt":"2020-07-21T13:23:49","guid":{"rendered":"https:\/\/sertv.gob.pa\/crisolfm\/?p=30672"},"modified":"2020-07-21T13:23:49","modified_gmt":"2020-07-21T13:23:49","slug":"artistas-iranies-instan-a-la-gente-mediante-el-arte-al-uso-de-las-mascarillas","status":"publish","type":"post","link":"https:\/\/sertv.gob.pa\/crisolfm\/artistas-iranies-instan-a-la-gente-mediante-el-arte-al-uso-de-las-mascarillas\/","title":{"rendered":"Artistas iran\u00edes instan a la gente mediante el arte al uso de las mascarillas"},"content":{"rendered":"<p>Unos setenta artistas iran\u00edes exponen sus creaciones sobre mascarillas en una iniciativa de una galer\u00eda de arte en el norte de Teher\u00e1n para animar a la gente a su uso bajo el lema \u00abponte la mascarilla\u00bb.<\/p>\n<p>Cada una de las setenta mascarillas expuestas en la galer\u00eda \u00abCama\u00bb est\u00e1 hecha por un artista, entre ellos m\u00fasicos, arquitectos, directores de cine y pintores, que firma con su nombre en la capa interna su creaci\u00f3n.<\/p>\n<p>Entre los autores se encuentran personas conocidas a nivel mundial, como el arquitecto Alireza Taghaboni, quien ha recibido el Premio inaugural de la Royal Academy Dorfman, y Hosein Mahjubi, pintor, arquitecto y dise\u00f1ador, quien ha dise\u00f1ado y construido el famoso parque \u00abSa\u00ed\u00bb de Teher\u00e1n.<\/p>\n<p>La directora de la galer\u00eda Cama, Mona Khosheghbal, explica a EFE que \u00abeleg\u00ed la mascarilla porque es el s\u00edmbolo de la pandemia del coronavirus y le recuerda a la gente\u00bb su importancia.<\/p>\n<p>\u00abAlgunos se oponen a llevarla ya que tapa parte de la cara y oculta parte de la belleza, pero hemos intentado suavizarla y darle m\u00e1s valor a ese trozo de tela\u00bb, indic\u00f3 Khosheghbal.<\/p>\n<p>Este virus ha afectado a todo el mundo y ha roto las fronteras, infectando a gente de cualquier capa de la sociedad, lo que ha hecho que la gente se una m\u00e1s, aunque ha obligado a que f\u00edsicamente mantengamos m\u00e1s distancia, reconoce la galerista.<\/p>\n<p>Rasul Soltani, pintor y escultor de 52 a\u00f1os con m\u00e1s de 20 de experiencia, es uno de los artistas que participan en esta muestra.<\/p>\n<p>Su obra, explica a EFE, es una boca cerrada con alambre y hecha con pasta de celulosa sobre la mascarilla, que simboliza c\u00f3mo esta enfermedad, que ha llegado a todo el mundo, ha influido en los lazos personales, culturales y econ\u00f3micos.<\/p>\n<p>&nbsp;<\/p>\n<p>Fuente:\u00a0 EFE<\/p>\n","protected":false},"excerpt":{"rendered":"<p>Unos setenta artistas iran\u00edes exponen sus creaciones sobre mascarillas en <a href=\"https:\/\/sertv.gob.pa\/crisolfm\/artistas-iranies-instan-a-la-gente-mediante-el-arte-al-uso-de-las-mascarillas\/\"> [&#8230;]<\/a><\/p>\n","protected":false},"author":64,"featured_media":30673,"comment_status":"closed","ping_status":"closed","sticky":false,"template":"","format":"standard","meta":{"footnotes":""},"categories":[6],"tags":[],"class_list":["post-30672","post","type-post","status-publish","format-standard","has-post-thumbnail","hentry","category-culturales"],"_links":{"self":[{"href":"https:\/\/sertv.gob.pa\/crisolfm\/wp-json\/wp\/v2\/posts\/30672","targetHints":{"allow":["GET"]}}],"collection":[{"href":"https:\/\/sertv.gob.pa\/crisolfm\/wp-json\/wp\/v2\/posts"}],"about":[{"href":"https:\/\/sertv.gob.pa\/crisolfm\/wp-json\/wp\/v2\/types\/post"}],"author":[{"embeddable":true,"href":"https:\/\/sertv.gob.pa\/crisolfm\/wp-json\/wp\/v2\/users\/64"}],"replies":[{"embeddable":true,"href":"https:\/\/sertv.gob.pa\/crisolfm\/wp-json\/wp\/v2\/comments?post=30672"}],"version-history":[{"count":1,"href":"https:\/\/sertv.gob.pa\/crisolfm\/wp-json\/wp\/v2\/posts\/30672\/revisions"}],"predecessor-version":[{"id":30674,"href":"https:\/\/sertv.gob.pa\/crisolfm\/wp-json\/wp\/v2\/posts\/30672\/revisions\/30674"}],"wp:featuredmedia":[{"embeddable":true,"href":"https:\/\/sertv.gob.pa\/crisolfm\/wp-json\/wp\/v2\/media\/30673"}],"wp:attachment":[{"href":"https:\/\/sertv.gob.pa\/crisolfm\/wp-json\/wp\/v2\/media?parent=30672"}],"wp:term":[{"taxonomy":"category","embeddable":true,"href":"https:\/\/sertv.gob.pa\/crisolfm\/wp-json\/wp\/v2\/categories?post=30672"},{"taxonomy":"post_tag","embeddable":true,"href":"https:\/\/sertv.gob.pa\/crisolfm\/wp-json\/wp\/v2\/tags?post=30672"}],"curies":[{"name":"wp","href":"https:\/\/api.w.org\/{rel}","templated":true}]}}