{"id":30675,"date":"2020-07-21T14:04:09","date_gmt":"2020-07-21T14:04:09","guid":{"rendered":"https:\/\/sertv.gob.pa\/crisolfm\/?p=30675"},"modified":"2020-07-21T14:04:09","modified_gmt":"2020-07-21T14:04:09","slug":"vencer-el-miedo-la-primera-telenovela-con-contenido-social-llega-a-ee-uu","status":"publish","type":"post","link":"https:\/\/sertv.gob.pa\/crisolfm\/vencer-el-miedo-la-primera-telenovela-con-contenido-social-llega-a-ee-uu\/","title":{"rendered":"\u00abVencer el miedo\u00bb, la primera telenovela con contenido social llega a EE.UU."},"content":{"rendered":"<p>\u00abVencer el miedo\u00bb, la primera telenovela hecha en coproducci\u00f3n entre Televisa y la organizaci\u00f3n no gubernamental Population Media Center, se estren\u00f3 este lunes en Estados Unidos y sus protagonistas, Danilo Carrera y Paulina Goto, tienen la esperanza de que \u00abtenga el mismo efecto positivo que se ha registrado en M\u00e9xico\u00bb.<\/p>\n<p>En entrevistas con Efe, los actores consideraron que la producci\u00f3n, que adem\u00e1s de la consabida historia de amor se enfoc\u00f3 en el embarazo precoz, las enfermedades de transmisi\u00f3n sexual, la violencia dom\u00e9stica, la equidad de g\u00e9nero y el narcomenudeo, ha ayudado a mejorar los indicadores sociales en M\u00e9xico en esos temas.<\/p>\n<p>\u00abHabl\u00e9 con la organizaci\u00f3n y me contaron que ya se ha registrado una mejora en esos cuatro temas en los que se enfoc\u00f3 &#8216;Vencer el miedo&#8217;. Eso se logr\u00f3 con el compromiso de todos los que trabajamos en la novela, comenzando con nuestra productora, Rosy Ocampo\u00bb, indic\u00f3 Carrera.<\/p>\n<p>Eso no quiere decir que se trate de una telenovela aburrida. \u201cSuena como que es toda una lecci\u00f3n, pero la historia va super r\u00e1pido, con momentos divertidos, tiernos y duros. Hay de todo, incluyendo muchas lecciones importantes\u201d, dijo Goto, quien interpreta a Marcela Dur\u00e1n, una joven fuerte, que pasa tres a\u00f1os en una correccional por su relaci\u00f3n con un pandillero.<\/p>\n<p>Carrera, por su parte, se encarg\u00f3 del personaje de Omar\/El Beto, un joven que adopta una identidad de pandillero para investigar el asesinato de su padre. El tercero en el t\u00edpico tri\u00e1ngulo rom\u00e1ntico es el l\u00edder de la banda Los Pe\u00f1ones, Rommel Guajardo, interpretado por Emmanuel Palomares.<\/p>\n<p>\u201cYo me enamor\u00e9 de la historia y del personaje y s\u00e9 que el p\u00fablico mexicano se enamor\u00f3 tambi\u00e9n\u201d, indic\u00f3 el actor, quien considera que el personaje le lleg\u00f3 \u201cliteralmente del cielo\u201d.<\/p>\n<p>Para Goto, el papel de Marcela Dur\u00e1n le ayud\u00f3 a dar m\u00e1s fuerza a su voz: \u201cComo muchas otras mujeres muchas veces he sentido que es mejor que no d\u00e9 mi opini\u00f3n por no crear problemas, o por inseguridad. Este tipo de personajes te hace reflexionar\u201d, indic\u00f3 la actriz de 28 a\u00f1os.<\/p>\n<p>Adem\u00e1s, es la compositora e int\u00e9rprete de \u201cRompe\u201d, el tema de la telenovela, con lo que Goto relanzar\u00e1 su carrera musical y le estimul\u00f3 a sacar al mercado el pr\u00f3ximo viernes su segundo disco, tras una pausa de 10 a\u00f1os.<\/p>\n<p>Fuente:\u00a0 EFE<\/p>\n","protected":false},"excerpt":{"rendered":"<p>\u00abVencer el miedo\u00bb, la primera telenovela hecha en coproducci\u00f3n entre <a href=\"https:\/\/sertv.gob.pa\/crisolfm\/vencer-el-miedo-la-primera-telenovela-con-contenido-social-llega-a-ee-uu\/\"> [&#8230;]<\/a><\/p>\n","protected":false},"author":64,"featured_media":30676,"comment_status":"closed","ping_status":"closed","sticky":false,"template":"","format":"standard","meta":{"footnotes":""},"categories":[6],"tags":[],"class_list":["post-30675","post","type-post","status-publish","format-standard","has-post-thumbnail","hentry","category-culturales"],"_links":{"self":[{"href":"https:\/\/sertv.gob.pa\/crisolfm\/wp-json\/wp\/v2\/posts\/30675","targetHints":{"allow":["GET"]}}],"collection":[{"href":"https:\/\/sertv.gob.pa\/crisolfm\/wp-json\/wp\/v2\/posts"}],"about":[{"href":"https:\/\/sertv.gob.pa\/crisolfm\/wp-json\/wp\/v2\/types\/post"}],"author":[{"embeddable":true,"href":"https:\/\/sertv.gob.pa\/crisolfm\/wp-json\/wp\/v2\/users\/64"}],"replies":[{"embeddable":true,"href":"https:\/\/sertv.gob.pa\/crisolfm\/wp-json\/wp\/v2\/comments?post=30675"}],"version-history":[{"count":1,"href":"https:\/\/sertv.gob.pa\/crisolfm\/wp-json\/wp\/v2\/posts\/30675\/revisions"}],"predecessor-version":[{"id":30677,"href":"https:\/\/sertv.gob.pa\/crisolfm\/wp-json\/wp\/v2\/posts\/30675\/revisions\/30677"}],"wp:featuredmedia":[{"embeddable":true,"href":"https:\/\/sertv.gob.pa\/crisolfm\/wp-json\/wp\/v2\/media\/30676"}],"wp:attachment":[{"href":"https:\/\/sertv.gob.pa\/crisolfm\/wp-json\/wp\/v2\/media?parent=30675"}],"wp:term":[{"taxonomy":"category","embeddable":true,"href":"https:\/\/sertv.gob.pa\/crisolfm\/wp-json\/wp\/v2\/categories?post=30675"},{"taxonomy":"post_tag","embeddable":true,"href":"https:\/\/sertv.gob.pa\/crisolfm\/wp-json\/wp\/v2\/tags?post=30675"}],"curies":[{"name":"wp","href":"https:\/\/api.w.org\/{rel}","templated":true}]}}