{"id":30678,"date":"2020-07-21T14:23:59","date_gmt":"2020-07-21T14:23:59","guid":{"rendered":"https:\/\/sertv.gob.pa\/crisolfm\/?p=30678"},"modified":"2020-07-21T14:23:59","modified_gmt":"2020-07-21T14:23:59","slug":"tras-los-pasos-de-la-centenaria-amalia-en-lisboa","status":"publish","type":"post","link":"https:\/\/sertv.gob.pa\/crisolfm\/tras-los-pasos-de-la-centenaria-amalia-en-lisboa\/","title":{"rendered":"Tras los pasos de la centenaria Am\u00e1lia en Lisboa"},"content":{"rendered":"<p>\u00abHuele bien, huele a Lisboa\u00bb, cantaba la c\u00e9lebre Am\u00e1lia Rodrigues en uno de sus fados m\u00e1s famosos. Cuando pasa un siglo de su nacimiento y dos d\u00e9cadas de su muerte, Lisboa todav\u00eda huele a Am\u00e1lia, cuyos pasos se pueden seguir a trav\u00e9s de lugares emblem\u00e1ticos de la capital.<\/p>\n<p>Desde la casa donde naci\u00f3 hasta los puntos de homenaje, pasando por el que fue su hogar durante gran parte de su vida, ahora convertido en museo, es posible seguir las huellas de Am\u00e1lia (1920-1999) por Lisboa para conocer la historia y el impacto que tuvo la fadista m\u00e1s c\u00e9lebre de todos los tiempos.<\/p>\n<p>Am\u00e1lia naci\u00f3 en la casa de sus abuelos maternos, una modesta vivienda en la calle Martim Vaz, en el verano de 1920. Su nacimiento est\u00e1 datado oficialmente a 23 de julio, pero esa fecha responde simplemente al d\u00eda que fue inscrita en el registro y no qued\u00f3 constancia con exactitud de cu\u00e1ndo lleg\u00f3 al mundo.<\/p>\n<p>Am\u00e1lia s\u00f3lo pas\u00f3 los inicios de su infancia en la casa donde naci\u00f3 y desde los 9 a\u00f1os vivi\u00f3 en Alc\u00e2ntara y otras zonas de la capital, hasta mudarse al que ser\u00eda su hogar definitivo: el n\u00famero 193 de la Rua de S\u00e3o Bento, donde compr\u00f3 una casa en 1955.<\/p>\n<p>La vivienda es hoy una Casa-Museo en la que se puede conocer el lado m\u00e1s \u00edntimo de la fadista: los vestidos que sol\u00eda usar, los libros de poemas que poblaban sus estanter\u00edas y hasta el tipo de t\u00e9 que le apasionaba, el cl\u00e1sico \u00abearl grey\u00bb.<\/p>\n<p>Fuente:\u00a0 EFE<\/p>\n<p>&nbsp;<\/p>\n","protected":false},"excerpt":{"rendered":"<p>\u00abHuele bien, huele a Lisboa\u00bb, cantaba la c\u00e9lebre Am\u00e1lia Rodrigues <a href=\"https:\/\/sertv.gob.pa\/crisolfm\/tras-los-pasos-de-la-centenaria-amalia-en-lisboa\/\"> [&#8230;]<\/a><\/p>\n","protected":false},"author":64,"featured_media":30680,"comment_status":"closed","ping_status":"closed","sticky":false,"template":"","format":"standard","meta":{"footnotes":""},"categories":[6],"tags":[],"class_list":["post-30678","post","type-post","status-publish","format-standard","has-post-thumbnail","hentry","category-culturales"],"_links":{"self":[{"href":"https:\/\/sertv.gob.pa\/crisolfm\/wp-json\/wp\/v2\/posts\/30678","targetHints":{"allow":["GET"]}}],"collection":[{"href":"https:\/\/sertv.gob.pa\/crisolfm\/wp-json\/wp\/v2\/posts"}],"about":[{"href":"https:\/\/sertv.gob.pa\/crisolfm\/wp-json\/wp\/v2\/types\/post"}],"author":[{"embeddable":true,"href":"https:\/\/sertv.gob.pa\/crisolfm\/wp-json\/wp\/v2\/users\/64"}],"replies":[{"embeddable":true,"href":"https:\/\/sertv.gob.pa\/crisolfm\/wp-json\/wp\/v2\/comments?post=30678"}],"version-history":[{"count":1,"href":"https:\/\/sertv.gob.pa\/crisolfm\/wp-json\/wp\/v2\/posts\/30678\/revisions"}],"predecessor-version":[{"id":30681,"href":"https:\/\/sertv.gob.pa\/crisolfm\/wp-json\/wp\/v2\/posts\/30678\/revisions\/30681"}],"wp:featuredmedia":[{"embeddable":true,"href":"https:\/\/sertv.gob.pa\/crisolfm\/wp-json\/wp\/v2\/media\/30680"}],"wp:attachment":[{"href":"https:\/\/sertv.gob.pa\/crisolfm\/wp-json\/wp\/v2\/media?parent=30678"}],"wp:term":[{"taxonomy":"category","embeddable":true,"href":"https:\/\/sertv.gob.pa\/crisolfm\/wp-json\/wp\/v2\/categories?post=30678"},{"taxonomy":"post_tag","embeddable":true,"href":"https:\/\/sertv.gob.pa\/crisolfm\/wp-json\/wp\/v2\/tags?post=30678"}],"curies":[{"name":"wp","href":"https:\/\/api.w.org\/{rel}","templated":true}]}}