{"id":30725,"date":"2020-07-22T13:26:22","date_gmt":"2020-07-22T13:26:22","guid":{"rendered":"https:\/\/sertv.gob.pa\/crisolfm\/?p=30725"},"modified":"2020-07-22T13:26:22","modified_gmt":"2020-07-22T13:26:22","slug":"mas-de-150-disenadores-se-unen-en-feria-virtual-de-moda-artesanal","status":"publish","type":"post","link":"https:\/\/sertv.gob.pa\/crisolfm\/mas-de-150-disenadores-se-unen-en-feria-virtual-de-moda-artesanal\/","title":{"rendered":"M\u00e1s de 150 dise\u00f1adores se unen en feria virtual de moda artesanal"},"content":{"rendered":"<p>M\u00e1s de 150 dise\u00f1adores y creadores de moda 100% paname\u00f1os se unen en la primera versi\u00f3n virtual de la feria del autor de dise\u00f1os y moda artesanal, denominada \u2018Amor a Segunda Vista\u2019, organizada por el Ministerio de Cultura, a trav\u00e9s de las Direcci\u00f3n Nacional de Artesan\u00edas, el 25 y 26 de julio en horario de 9:00 a. m a 6:00 p. m, por la p\u00e1gina web www.mi<a href=\"http:\/\/cultura.gob.pa\/\" target=\"_blank\" rel=\"noopener\">cultura.gob.pa<\/a>.<\/p>\n<p>Jaime Luna Director Nacional de Artesan\u00edas de Mi Cultura se\u00f1al\u00f3 que con esta clase de iniciativas la direcci\u00f3n nacional de artesan\u00edas busca fomentar el talento, la cultura y el arte en todos los paname\u00f1os a trav\u00e9s de la muestra el dise\u00f1o de moda, dise\u00f1o de accesorios e interiores.<\/p>\n<p>La feria contar\u00e1 con mucha ropa vintage de los dise\u00f1adores nacionales, mascarillas, vestidos de noche de c\u00f3ctel, accesorios entre otras nuevas creaciones. Este ser\u00e1 un pre\u00e1mbulo a lo que va a ser el Foro Regional de Moda Artesanal en el marco del Fashion Week de Panam\u00e1, quienes forman parte de la organizaci\u00f3n de este evento cultural relacionado a la moda, a\u00f1adi\u00f3 Luna.<\/p>\n<p>Uno de los grupos con que contar\u00e1 la feria virtual es el grupo IntegrArte del Ministerio de Gobierno y Justicia con una pasarela de ni\u00f1as y ni\u00f1os denominada \u2018Peque\u00f1as Princesas y Peque\u00f1os Pr\u00edncipes\u2019 quienes mostraran una colecci\u00f3n de ropa elaborada con indumentarias y costumbres ancestrales de nuestros pueblos originarios, creaciones paname\u00f1as hechas de paruma y molas.<\/p>\n<p>Otras de las atracciones ser\u00e1n presentaciones art\u00edsticas y culturales; as\u00ed como las tutor\u00edas de artesanos sobre confecci\u00f3n de ropa y una demostraci\u00f3n de c\u00f3mo la artesan\u00eda y la moda van de la mano.<\/p>\n<p>Los requisitos para participar en este evento son: ser paname\u00f1o, tener acreditaci\u00f3n de artesano textil, y estar acreditado al programa S\u00famate Ya del Ministerio de Cultura.<\/p>\n<p>Las ventas se llevar\u00e1n a cabo por banca en l\u00ednea, directamente a las cuentas de los artesanos y dise\u00f1adores, y las entregas de los productos por medio de los servicios de reparto a domicilio.<\/p>\n<p>Esta ser\u00eda la s\u00e9ptima actividad virtual que lleva a cabo el Ministerio de Cultura, como ferias en l\u00ednea con el objetivo de apoyar a los artesanos y creadores de industrias creativas quienes por medio de la plataforma de MiCultura puedan ofertar sus productos y solventar un poco los problemas de desempleo que ha producida la pandemia producto del Covid 19.<\/p>\n<p>Fuente.\u00a0 MiCultura<\/p>\n","protected":false},"excerpt":{"rendered":"<p>M\u00e1s de 150 dise\u00f1adores y creadores de moda 100% paname\u00f1os <a href=\"https:\/\/sertv.gob.pa\/crisolfm\/mas-de-150-disenadores-se-unen-en-feria-virtual-de-moda-artesanal\/\"> [&#8230;]<\/a><\/p>\n","protected":false},"author":64,"featured_media":30726,"comment_status":"closed","ping_status":"closed","sticky":false,"template":"","format":"standard","meta":{"footnotes":""},"categories":[6],"tags":[],"class_list":["post-30725","post","type-post","status-publish","format-standard","has-post-thumbnail","hentry","category-culturales"],"_links":{"self":[{"href":"https:\/\/sertv.gob.pa\/crisolfm\/wp-json\/wp\/v2\/posts\/30725","targetHints":{"allow":["GET"]}}],"collection":[{"href":"https:\/\/sertv.gob.pa\/crisolfm\/wp-json\/wp\/v2\/posts"}],"about":[{"href":"https:\/\/sertv.gob.pa\/crisolfm\/wp-json\/wp\/v2\/types\/post"}],"author":[{"embeddable":true,"href":"https:\/\/sertv.gob.pa\/crisolfm\/wp-json\/wp\/v2\/users\/64"}],"replies":[{"embeddable":true,"href":"https:\/\/sertv.gob.pa\/crisolfm\/wp-json\/wp\/v2\/comments?post=30725"}],"version-history":[{"count":1,"href":"https:\/\/sertv.gob.pa\/crisolfm\/wp-json\/wp\/v2\/posts\/30725\/revisions"}],"predecessor-version":[{"id":30727,"href":"https:\/\/sertv.gob.pa\/crisolfm\/wp-json\/wp\/v2\/posts\/30725\/revisions\/30727"}],"wp:featuredmedia":[{"embeddable":true,"href":"https:\/\/sertv.gob.pa\/crisolfm\/wp-json\/wp\/v2\/media\/30726"}],"wp:attachment":[{"href":"https:\/\/sertv.gob.pa\/crisolfm\/wp-json\/wp\/v2\/media?parent=30725"}],"wp:term":[{"taxonomy":"category","embeddable":true,"href":"https:\/\/sertv.gob.pa\/crisolfm\/wp-json\/wp\/v2\/categories?post=30725"},{"taxonomy":"post_tag","embeddable":true,"href":"https:\/\/sertv.gob.pa\/crisolfm\/wp-json\/wp\/v2\/tags?post=30725"}],"curies":[{"name":"wp","href":"https:\/\/api.w.org\/{rel}","templated":true}]}}