{"id":30728,"date":"2020-07-22T13:53:13","date_gmt":"2020-07-22T13:53:13","guid":{"rendered":"https:\/\/sertv.gob.pa\/crisolfm\/?p=30728"},"modified":"2020-07-22T13:53:13","modified_gmt":"2020-07-22T13:53:13","slug":"subastaran-fotografias-de-las-honras-funebres-de-frida-kahlo","status":"publish","type":"post","link":"https:\/\/sertv.gob.pa\/crisolfm\/subastaran-fotografias-de-las-honras-funebres-de-frida-kahlo\/","title":{"rendered":"Subastar\u00e1n fotograf\u00edas de las honras f\u00fanebres de Frida Kahlo"},"content":{"rendered":"<p>Un conjunto de fotograf\u00edas de las honras f\u00fanebres de la ic\u00f3nica artista mexicana Frida Kahlo se subastar\u00e1 en M\u00e9xico el pr\u00f3ximo s\u00e1bado cuando se conmemoran 66 a\u00f1os de su muerte, inform\u00f3 este martes la casa Morton Subastas.<\/p>\n<p>En las fotograf\u00edas, que dejan testimonio del funeral de la artista mexicana, fallecida en 1954, se puede observar detr\u00e1s de la carroza que lleva sus restos al que fue presidente de M\u00e9xico entre 1934 y 1940 L\u00e1zaro C\u00e1rdenas y al que fue su esposo y artista Diego Rivera.<\/p>\n<p>En otra de las im\u00e1genes se ve el f\u00e9retro de Kahlo cubierto con la bandera comunista, que se dice que fue puesta por Arturo Garc\u00eda Bustos, uno de sus alumnos, a pesar de que se hab\u00eda pedido que no hubiese manifestaciones pol\u00edticas.<\/p>\n<p>Al funeral asistieron, de acuerdo a la informaci\u00f3n aportada por Morton en un comunicado, personalidades como el pintor David Alfaro Siqueiros, el escritor y pol\u00edtico Carlos Pellicer, la fot\u00f3grafa Lola \u00c1lvarez Bravo o el arquitecto y pintor Juan O&#8217;Gorman, entre otros miembros de la vida cultural del M\u00e9xico de aquel entonces.<\/p>\n<p>El pasado 13 de julio se celebraron 66 a\u00f1os del fallecimiento de la emblem\u00e1tica pintora, que falleci\u00f3 en la Casa Azul de Coyoac\u00e1n, el mismo lugar donde naci\u00f3 y que ahora est\u00e1 convertida en un museo visitado por miles de personas cada a\u00f1o.<\/p>\n<p>Kahlo es una figura rodeada de un halo de misterio y su muerte, como no pod\u00eda ser menos, tambi\u00e9n re\u00fane datos desconocidos y atrae el inter\u00e9s de muchos.<\/p>\n<p>\u00abLa prensa de la \u00e9poca se\u00f1ala que el acta de defunci\u00f3n certifica embolia pulmonar como causa. Sin embargo, hay autores que consideraron su muerte como consecuencia de una sobredosis de calmantes\u00bb, se puede leer en el comunicado de la casa de subastas.<\/p>\n<p>El funeral tuvo lugar en el ic\u00f3nico Palacio de Bellas Artes, en el centro hist\u00f3rico de Ciudad de M\u00e9xico, el 13 de julio de 1954.<\/p>\n<p>Las siete fotograf\u00edas que recogen lo sucedido aquel d\u00eda son de autor desconocido, de 12,8 por 18,6 cent\u00edmetros, y cuentan con anotaciones en el reverso como \u00abKahlo Frida despedida\u00bb o \u00abSrio de L\u00e1zaro, hijo de L\u00e1zaro, hijo de Mugica y dem\u00e1s fichas comunistas\u00bb, entre otras.<\/p>\n<p>Los siete retratos est\u00e1n valuados entre 16.000 y 20.000 pesos (entre unos 716 y 895 d\u00f3lares).<\/p>\n<p>&nbsp;<\/p>\n<p>Fuente:\u00a0 EFE<\/p>\n<p>&nbsp;<\/p>\n","protected":false},"excerpt":{"rendered":"<p>Un conjunto de fotograf\u00edas de las honras f\u00fanebres de la <a href=\"https:\/\/sertv.gob.pa\/crisolfm\/subastaran-fotografias-de-las-honras-funebres-de-frida-kahlo\/\"> [&#8230;]<\/a><\/p>\n","protected":false},"author":64,"featured_media":30729,"comment_status":"closed","ping_status":"closed","sticky":false,"template":"","format":"standard","meta":{"footnotes":""},"categories":[6],"tags":[],"class_list":["post-30728","post","type-post","status-publish","format-standard","has-post-thumbnail","hentry","category-culturales"],"_links":{"self":[{"href":"https:\/\/sertv.gob.pa\/crisolfm\/wp-json\/wp\/v2\/posts\/30728","targetHints":{"allow":["GET"]}}],"collection":[{"href":"https:\/\/sertv.gob.pa\/crisolfm\/wp-json\/wp\/v2\/posts"}],"about":[{"href":"https:\/\/sertv.gob.pa\/crisolfm\/wp-json\/wp\/v2\/types\/post"}],"author":[{"embeddable":true,"href":"https:\/\/sertv.gob.pa\/crisolfm\/wp-json\/wp\/v2\/users\/64"}],"replies":[{"embeddable":true,"href":"https:\/\/sertv.gob.pa\/crisolfm\/wp-json\/wp\/v2\/comments?post=30728"}],"version-history":[{"count":1,"href":"https:\/\/sertv.gob.pa\/crisolfm\/wp-json\/wp\/v2\/posts\/30728\/revisions"}],"predecessor-version":[{"id":30730,"href":"https:\/\/sertv.gob.pa\/crisolfm\/wp-json\/wp\/v2\/posts\/30728\/revisions\/30730"}],"wp:featuredmedia":[{"embeddable":true,"href":"https:\/\/sertv.gob.pa\/crisolfm\/wp-json\/wp\/v2\/media\/30729"}],"wp:attachment":[{"href":"https:\/\/sertv.gob.pa\/crisolfm\/wp-json\/wp\/v2\/media?parent=30728"}],"wp:term":[{"taxonomy":"category","embeddable":true,"href":"https:\/\/sertv.gob.pa\/crisolfm\/wp-json\/wp\/v2\/categories?post=30728"},{"taxonomy":"post_tag","embeddable":true,"href":"https:\/\/sertv.gob.pa\/crisolfm\/wp-json\/wp\/v2\/tags?post=30728"}],"curies":[{"name":"wp","href":"https:\/\/api.w.org\/{rel}","templated":true}]}}