{"id":30772,"date":"2020-07-23T13:25:14","date_gmt":"2020-07-23T13:25:14","guid":{"rendered":"https:\/\/sertv.gob.pa\/crisolfm\/?p=30772"},"modified":"2020-07-23T13:25:14","modified_gmt":"2020-07-23T13:25:14","slug":"el-congreso-de-ee-uu-propone-sacar-las-estatuas-confederadas-del-capitolio","status":"publish","type":"post","link":"https:\/\/sertv.gob.pa\/crisolfm\/el-congreso-de-ee-uu-propone-sacar-las-estatuas-confederadas-del-capitolio\/","title":{"rendered":"El Congreso de EE.UU. propone sacar las estatuas confederadas del Capitolio"},"content":{"rendered":"<p>La C\u00e1mara de Representantes de Estados Unidos aprob\u00f3 hoy por mayor\u00eda una propuesta de ley para eliminar del edificio del Capitolio todas las estatuas que conmemoran a representantes de la Confederaci\u00f3n, el bando sublevado de la Guerra Civil (1861-65) que apoyaba la esclavitud.<\/p>\n<p>La legislaci\u00f3n obtuvo 305 votos, frente a 113 congresistas que votaron en contra de la medida, todos ellos del Partido Republicano, aunque 72 conservadores votaron con la bancada dem\u00f3crata.<\/p>\n<p>La legislaci\u00f3n obliga a retirar cerca de una docena de estatuas de autoridades de la Confederaci\u00f3n de zonas a la vista del p\u00fablico, donarlas a los museos gestionados por la fundaci\u00f3n Smithsonian o devolverlas a los estados que las donaron.<\/p>\n<p>Las esculturas est\u00e1n en la actualidad a la vista en el Sal\u00f3n Nacional de las Estatuas en el edificio del Capitolio.<\/p>\n<p>La decisi\u00f3n se da despu\u00e9s de que las protestas contra el racismo y la brutalidad policial forzaran un debate sobre el pasado colonial, esclavista y represivo de Estados Unidos y el resto del continente americano.<\/p>\n<p>Manifestantes en todo el pa\u00eds han atacado o derribado estatuas de generales de la Confederaci\u00f3n, de fundadores de Estados Unidos con pasado esclavista o de Cristobal Col\u00f3n, que en 1492 pis\u00f3 territorio americano y lo reclam\u00f3 para la Corona de Castilla.<\/p>\n<p>\u00abCorrijamos la divisi\u00f3n que existe hoy, no solo en este Congreso, sino en nuestro pa\u00eds. Si podemos unirnos en este, podremos hacer de este pa\u00eds, en un momento de disturbios civiles, un lugar mejor para todos\u00bb, asegur\u00f3 el congresista republicano Rodney Davis, que representa al distrito del que fue representante el presidente Abraham Lincoln, que sali\u00f3 victorioso de la contienda y aboli\u00f3 la esclavitud.<\/p>\n<p>Los congresistas dem\u00f3cratas recordaron que esta decisi\u00f3n se da una semana despu\u00e9s de la muerte del congresista afroamericano John Lewis, quien fue un defensor de los derechos civiles de los negros.<\/p>\n<p>Fuente:\u00a0 EFE<\/p>\n<p>&nbsp;<\/p>\n","protected":false},"excerpt":{"rendered":"<p>La C\u00e1mara de Representantes de Estados Unidos aprob\u00f3 hoy por <a href=\"https:\/\/sertv.gob.pa\/crisolfm\/el-congreso-de-ee-uu-propone-sacar-las-estatuas-confederadas-del-capitolio\/\"> [&#8230;]<\/a><\/p>\n","protected":false},"author":64,"featured_media":30773,"comment_status":"closed","ping_status":"closed","sticky":false,"template":"","format":"standard","meta":{"footnotes":""},"categories":[6],"tags":[],"class_list":["post-30772","post","type-post","status-publish","format-standard","has-post-thumbnail","hentry","category-culturales"],"_links":{"self":[{"href":"https:\/\/sertv.gob.pa\/crisolfm\/wp-json\/wp\/v2\/posts\/30772","targetHints":{"allow":["GET"]}}],"collection":[{"href":"https:\/\/sertv.gob.pa\/crisolfm\/wp-json\/wp\/v2\/posts"}],"about":[{"href":"https:\/\/sertv.gob.pa\/crisolfm\/wp-json\/wp\/v2\/types\/post"}],"author":[{"embeddable":true,"href":"https:\/\/sertv.gob.pa\/crisolfm\/wp-json\/wp\/v2\/users\/64"}],"replies":[{"embeddable":true,"href":"https:\/\/sertv.gob.pa\/crisolfm\/wp-json\/wp\/v2\/comments?post=30772"}],"version-history":[{"count":1,"href":"https:\/\/sertv.gob.pa\/crisolfm\/wp-json\/wp\/v2\/posts\/30772\/revisions"}],"predecessor-version":[{"id":30774,"href":"https:\/\/sertv.gob.pa\/crisolfm\/wp-json\/wp\/v2\/posts\/30772\/revisions\/30774"}],"wp:featuredmedia":[{"embeddable":true,"href":"https:\/\/sertv.gob.pa\/crisolfm\/wp-json\/wp\/v2\/media\/30773"}],"wp:attachment":[{"href":"https:\/\/sertv.gob.pa\/crisolfm\/wp-json\/wp\/v2\/media?parent=30772"}],"wp:term":[{"taxonomy":"category","embeddable":true,"href":"https:\/\/sertv.gob.pa\/crisolfm\/wp-json\/wp\/v2\/categories?post=30772"},{"taxonomy":"post_tag","embeddable":true,"href":"https:\/\/sertv.gob.pa\/crisolfm\/wp-json\/wp\/v2\/tags?post=30772"}],"curies":[{"name":"wp","href":"https:\/\/api.w.org\/{rel}","templated":true}]}}