{"id":3194,"date":"2015-09-16T18:31:29","date_gmt":"2015-09-16T18:31:29","guid":{"rendered":""},"modified":"2015-09-16T18:31:29","modified_gmt":"2015-09-16T18:31:29","slug":"panama-pais-con-rica-diversidad-de-orquideas","status":"publish","type":"post","link":"https:\/\/sertv.gob.pa\/crisolfm\/panama-pais-con-rica-diversidad-de-orquideas\/","title":{"rendered":"Panam\u00e1, pa\u00eds con rica diversidad de orqu\u00eddeas"},"content":{"rendered":"<p>\nSeg\u00fan datos de la Asociaci\u00f3n de Orquideolog\u00eda de Panam\u00e1, en nuestro pa\u00eds existen unas 1,200 especies de orqu\u00eddeas identificadas en sus bosques y registradas, aunque reconoce que a\u00fan existen muchas sin descubrir en \u00e1reas como Dari\u00e9n y la vertiente atl\u00e1ntica. <\/p>\n<p>&lsquo;El hecho de que Panam\u00e1 tenga tantas orqu\u00eddeas en un territorio tan peque\u00f1o obedece al choque de las masas continentales de Am\u00e9rica del Norte y Sur hace aproximadamente 40 millones de a\u00f1os&#8217;, se\u00f1ala la asociaci\u00f3n. <\/p>\n<p>&lsquo;Panam\u00e1 cuenta con una gran variedad de orqu\u00eddeas, sin embargo la presencia de cada una en determinada regi\u00f3n va a depender de las condiciones clim\u00e1ticas y la altura. Por ejemplo, una orqu\u00eddea de Cerro Punta dif\u00edcilmente podr\u00e1 sobrevivir si se planta en la ciudad porque est\u00e1 acostumbrada a un clima m\u00e1s fresco&#8217;, explic\u00f3 el doctor Heberto Olier, expresidente de la Asociaci\u00f3n de Orquideolog\u00eda de Panam\u00e1, que este fin de semana efect\u00faa la XXX Exposici\u00f3n de Orqu\u00eddeas Expo 2015. <\/p>\n<p>Este a\u00f1o, bajo el lema &lsquo;Orqu\u00eddeas, diversidad de formas y colores&#8217;, el evento ferial tendr\u00e1 en exposici\u00f3n unas 350 plantas, entre nativas e h\u00edbridas, entre ellas la flor del Esp\u00edritu Santo, que ser\u00e1n evaluadas por un selecto grupo de jurados que determinar\u00e1 las tres especies m\u00e1s hermosas del evento. <\/p>\n<p>Carmen Rojas, tambi\u00e9n jurado del evento, inform\u00f3 que las actividades empiezan el viernes, 18 de septiembre, en el Parque Natural Metropolitano, con el concurso de orqu\u00eddeas en horas de la ma\u00f1ana y posteriormente, en la tarde, la inauguraci\u00f3n. <\/p>\n<p>En tanto, la apertura para el p\u00fablico en general se dar\u00e1 el s\u00e1bado y domingo, en un horario de 8:00 a.m. a 4:00 p.m. <\/p>\n<p>Adem\u00e1s de la muestra de orqu\u00eddeas, la actividad tendr\u00e1 como atractivos venta de plantas, insumos, artesan\u00edas y refrescos. <\/p>\n<p>\u00a0 <\/p>\n<p>\u00a0 <\/p>\n<p>\u00a0 <\/p>\n","protected":false},"excerpt":{"rendered":"<p>Seg\u00fan datos de la Asociaci\u00f3n de Orquideolog\u00eda de Panam\u00e1, en <a href=\"https:\/\/sertv.gob.pa\/crisolfm\/panama-pais-con-rica-diversidad-de-orquideas\/\"> [&#8230;]<\/a><\/p>\n","protected":false},"author":1,"featured_media":3195,"comment_status":"closed","ping_status":"closed","sticky":false,"template":"","format":"standard","meta":{"footnotes":""},"categories":[7],"tags":[],"class_list":["post-3194","post","type-post","status-publish","format-standard","has-post-thumbnail","hentry","category-ecologicas"],"_links":{"self":[{"href":"https:\/\/sertv.gob.pa\/crisolfm\/wp-json\/wp\/v2\/posts\/3194","targetHints":{"allow":["GET"]}}],"collection":[{"href":"https:\/\/sertv.gob.pa\/crisolfm\/wp-json\/wp\/v2\/posts"}],"about":[{"href":"https:\/\/sertv.gob.pa\/crisolfm\/wp-json\/wp\/v2\/types\/post"}],"author":[{"embeddable":true,"href":"https:\/\/sertv.gob.pa\/crisolfm\/wp-json\/wp\/v2\/users\/1"}],"replies":[{"embeddable":true,"href":"https:\/\/sertv.gob.pa\/crisolfm\/wp-json\/wp\/v2\/comments?post=3194"}],"version-history":[{"count":0,"href":"https:\/\/sertv.gob.pa\/crisolfm\/wp-json\/wp\/v2\/posts\/3194\/revisions"}],"wp:featuredmedia":[{"embeddable":true,"href":"https:\/\/sertv.gob.pa\/crisolfm\/wp-json\/wp\/v2\/media\/3195"}],"wp:attachment":[{"href":"https:\/\/sertv.gob.pa\/crisolfm\/wp-json\/wp\/v2\/media?parent=3194"}],"wp:term":[{"taxonomy":"category","embeddable":true,"href":"https:\/\/sertv.gob.pa\/crisolfm\/wp-json\/wp\/v2\/categories?post=3194"},{"taxonomy":"post_tag","embeddable":true,"href":"https:\/\/sertv.gob.pa\/crisolfm\/wp-json\/wp\/v2\/tags?post=3194"}],"curies":[{"name":"wp","href":"https:\/\/api.w.org\/{rel}","templated":true}]}}