{"id":3262,"date":"2015-09-24T14:35:44","date_gmt":"2015-09-24T14:35:44","guid":{"rendered":""},"modified":"2015-09-24T14:35:44","modified_gmt":"2015-09-24T14:35:44","slug":"mil-500-hectareas-de-maiz-afectadas-por-sequia","status":"publish","type":"post","link":"https:\/\/sertv.gob.pa\/crisolfm\/mil-500-hectareas-de-maiz-afectadas-por-sequia\/","title":{"rendered":"Mil 500 hect\u00e1reas de ma\u00edz afectadas por sequ\u00eda"},"content":{"rendered":"<p>\nUnas mil 500 hect\u00e1reas de ma\u00edz figuran entre las primeras que han resultado afectadas en la Provincia de Los Santos en el actual periodo agr\u00edcola 2015-2016, por la falta de lluvias. <\/p>\n<p>Los cultivos afectados se localizan a lo largo de la costa de los distritos de Pedas\u00ed, Pocr\u00ed, Las Tablas, Guarar\u00e9 y Los Santos donde las pocas lluvias han perjudicado la germinaci\u00f3n y crecimiento del grano. <\/p>\n<p>Valent\u00edn Dom\u00ednguez, presidente de la Asociaci\u00f3n de Maiceros de Azuero, manifest\u00f3 que durante el pasado periodo agr\u00edcola 2014-2015 el cambio clim\u00e1tico afect\u00f3 la zona costera de Los Santos y Guarar\u00e9. <\/p>\n<p>En la actualidad, se ha extendido a los distritos de Las Tablas, Pocr\u00ed y Pedas\u00ed, por lo que habr\u00e1 una merma en los rendimientos a la hora de cosechar en los campos. <\/p>\n<p>Agreg\u00f3 que ya han informado al Instituto de Seguro Agropecuario (ISA) para que se levanten las contingencias, porque en el mes de septiembre ha continuado la falta de lluvias. <\/p>\n<p>\u00a0 <\/p>\n<p>\u00a0 <\/p>\n","protected":false},"excerpt":{"rendered":"<p>Unas mil 500 hect\u00e1reas de ma\u00edz figuran entre las primeras <a href=\"https:\/\/sertv.gob.pa\/crisolfm\/mil-500-hectareas-de-maiz-afectadas-por-sequia\/\"> [&#8230;]<\/a><\/p>\n","protected":false},"author":1,"featured_media":3263,"comment_status":"closed","ping_status":"closed","sticky":false,"template":"","format":"standard","meta":{"footnotes":""},"categories":[7],"tags":[],"class_list":["post-3262","post","type-post","status-publish","format-standard","has-post-thumbnail","hentry","category-ecologicas"],"_links":{"self":[{"href":"https:\/\/sertv.gob.pa\/crisolfm\/wp-json\/wp\/v2\/posts\/3262","targetHints":{"allow":["GET"]}}],"collection":[{"href":"https:\/\/sertv.gob.pa\/crisolfm\/wp-json\/wp\/v2\/posts"}],"about":[{"href":"https:\/\/sertv.gob.pa\/crisolfm\/wp-json\/wp\/v2\/types\/post"}],"author":[{"embeddable":true,"href":"https:\/\/sertv.gob.pa\/crisolfm\/wp-json\/wp\/v2\/users\/1"}],"replies":[{"embeddable":true,"href":"https:\/\/sertv.gob.pa\/crisolfm\/wp-json\/wp\/v2\/comments?post=3262"}],"version-history":[{"count":0,"href":"https:\/\/sertv.gob.pa\/crisolfm\/wp-json\/wp\/v2\/posts\/3262\/revisions"}],"wp:featuredmedia":[{"embeddable":true,"href":"https:\/\/sertv.gob.pa\/crisolfm\/wp-json\/wp\/v2\/media\/3263"}],"wp:attachment":[{"href":"https:\/\/sertv.gob.pa\/crisolfm\/wp-json\/wp\/v2\/media?parent=3262"}],"wp:term":[{"taxonomy":"category","embeddable":true,"href":"https:\/\/sertv.gob.pa\/crisolfm\/wp-json\/wp\/v2\/categories?post=3262"},{"taxonomy":"post_tag","embeddable":true,"href":"https:\/\/sertv.gob.pa\/crisolfm\/wp-json\/wp\/v2\/tags?post=3262"}],"curies":[{"name":"wp","href":"https:\/\/api.w.org\/{rel}","templated":true}]}}