{"id":33268,"date":"2020-09-25T17:51:17","date_gmt":"2020-09-25T17:51:17","guid":{"rendered":"https:\/\/sertv.gob.pa\/crisolfm\/?p=33268"},"modified":"2020-09-25T17:51:17","modified_gmt":"2020-09-25T17:51:17","slug":"di-girolamo-brilla-en-la-veronica-cine-experimental-chileno-en-san-sebastian","status":"publish","type":"post","link":"https:\/\/sertv.gob.pa\/crisolfm\/di-girolamo-brilla-en-la-veronica-cine-experimental-chileno-en-san-sebastian\/","title":{"rendered":"Di Girolamo brilla en \u00abLa Ver\u00f3nica\u00bb, cine experimental chileno en San Sebasti\u00e1n"},"content":{"rendered":"<p>Con una imagen casi permanente en primer plano y un personaje tan atractivo como odioso interpretado por una brillante Mariana di Girolamo, el realizador chileno Leonardo Medel cuenta en \u00abLa Ver\u00f3nica\u00bb una historia diferente y experimental que pone en cuesti\u00f3n el mundo de las redes sociales.<\/p>\n<p>En la competici\u00f3n de Horizontes Latinos, en el Festival de Cine de San Sebasti\u00e1n (Espa\u00f1a), \u00abLa Ver\u00f3nica\u00bb parti\u00f3 de una investigaci\u00f3n sobre c\u00f3mo hacer una pel\u00edcula en primer plano, explica Medel a Efe, acompa\u00f1ado por Di Girolamo.<\/p>\n<p>Medel uni\u00f3 en la parte est\u00e9tica las fotograf\u00edas publicitarias de moda con el mundo de los youtubers, lo que conect\u00f3 tem\u00e1ticamente con las redes sociales y con lo que significa el selfie como forma de representaci\u00f3n de nuestro tiempo.<\/p>\n<p>Una idea en la que comenz\u00f3 a trabajar hace 12 a\u00f1os y que result\u00f3 muy compleja metodol\u00f3gicamente para poder construir toda una pel\u00edcula alrededor de un primer plano. En 2008 grab\u00f3 un teaser y en 2016 hizo un corto, ya con Di Girolamo, que le permiti\u00f3 experimentar y comprobar que era posible hacer un largometraje.<\/p>\n<p>\u00abCon mi equipo tenemos todo un historial de pel\u00edculas extra\u00f1as\u00bb, dice entre risas el director, que asegura que est\u00e1 en un proceso de \u00abexperimentaci\u00f3n permanente\u00bb.<\/p>\n<p>Y esos proyectos de corte \u00abexperimental, in\u00e9dito e ins\u00f3lito\u00bb son algo fascinante para la actriz, que tambi\u00e9n se sinti\u00f3 atra\u00edda por el hecho de que su personaje est\u00e1 todo el tiempo en ese primer plano, en una \u00abintimidad casi pudorosa con la c\u00e1mara\u00bb.<\/p>\n<p>La actriz trabaj\u00f3 mucho con el director la forma de interpretar a un personaje en apariencia fr\u00edvolo y exhibicionista. Se prob\u00f3 la distancia con la c\u00e1mara, el tono de voz y el c\u00f3mo llegar a las emociones de manera r\u00e1pida.<\/p>\n<p>\u00abCon Mariana significa un aprendizaje no solo con respecto a lo que est\u00e1bamos experimentando formalmente, tambi\u00e9n de qui\u00e9n es Mariana y qu\u00e9 tipo de actriz es. No habr\u00eda podido hacer la pel\u00edcula con nadie m\u00e1s. Significa un nivel de rigor del que no habla porque ella es as\u00ed, una actriz extremadamente rigurosa e inteligente en la forma en que aborda cada cosa que hace\u00bb, explica el realizador.<\/p>\n<p>Di Girolamo interpreta a Ver\u00f3nica una famosa modelo chilena, muy activa en redes sociales, casada con una estrella del f\u00fatbol, con el que acaba de tener una ni\u00f1a. Mientras ella se centra en su carrera y su marido en la beb\u00e9, comienza una investigaci\u00f3n sobre el asesinato de su primera hija, de la que ella es la principal sospechosa.<\/p>\n<p>Ver\u00f3nica vive en una especie de realidad paralela, la creada en el mundo de los youtubers, algo muy generacional y que ha cobrado una dimensi\u00f3n dif\u00edcil de entender, como resalta la actriz, que recuerda que al moderar una ponencia sobre este tema, ella, que es bastante conocida en su pa\u00eds, pas\u00f3 a \u00abun quinto o sexto plano\u00bb frente a la popularidad de las youtubers con las que compart\u00eda la charla.<\/p>\n<p>Ese mundo con reglas propias y que resulta muy ajeno a quien no est\u00e1 dentro es lo que cuenta \u00abLa Ver\u00f3nica\u00bb, una pel\u00edcula que ha pasado por un complejo proceso hasta llegar a San Sebasti\u00e1n.<\/p>\n<p>Porque el rodaje coincidi\u00f3 con el estallido social en Chile y tuvo que cambiar completamente de planificaci\u00f3n, entre otras razones para que los miembros del equipo tanto t\u00e9cnico como art\u00edstico pudieran participar en las protestas, como era su deseo.<\/p>\n<p>Hubo desabastecimiento que afect\u00f3 al catering durante el rodaje y el toque de queda obligaba a recortar las jornadas de trabajo. Y poco despu\u00e9s de acabar de filmar, lleg\u00f3 la pandemia y el confinamiento.<\/p>\n<p>Por eso el poder estar presentando la pel\u00edcula en un festival es todo un \u00e9xito para Medel y m\u00e1s a\u00fan trat\u00e1ndose de San Sebasti\u00e1n.<\/p>\n<p>\u00abEs un festival por el que han desfilado los m\u00e1s grandes directores chilenos de los \u00faltimos a\u00f1os, desde Pablo Larra\u00edn, Pepa San Mart\u00edn, Sebasti\u00e1n Lelio, Maite Alberdi&#8230;No pens\u00e1bamos que \u00edbamos a estar aqu\u00ed porque es una pel\u00edcula de corte m\u00e1s experimental, no tan mainstream, fue una sorpresa incre\u00edble\u00bb.<\/p>\n<p>Fuente:\u00a0\u00a0 EFE<\/p>\n","protected":false},"excerpt":{"rendered":"<p>Con una imagen casi permanente en primer plano y un <a href=\"https:\/\/sertv.gob.pa\/crisolfm\/di-girolamo-brilla-en-la-veronica-cine-experimental-chileno-en-san-sebastian\/\"> [&#8230;]<\/a><\/p>\n","protected":false},"author":64,"featured_media":33269,"comment_status":"closed","ping_status":"closed","sticky":false,"template":"","format":"standard","meta":{"footnotes":""},"categories":[6],"tags":[],"class_list":["post-33268","post","type-post","status-publish","format-standard","has-post-thumbnail","hentry","category-culturales"],"_links":{"self":[{"href":"https:\/\/sertv.gob.pa\/crisolfm\/wp-json\/wp\/v2\/posts\/33268","targetHints":{"allow":["GET"]}}],"collection":[{"href":"https:\/\/sertv.gob.pa\/crisolfm\/wp-json\/wp\/v2\/posts"}],"about":[{"href":"https:\/\/sertv.gob.pa\/crisolfm\/wp-json\/wp\/v2\/types\/post"}],"author":[{"embeddable":true,"href":"https:\/\/sertv.gob.pa\/crisolfm\/wp-json\/wp\/v2\/users\/64"}],"replies":[{"embeddable":true,"href":"https:\/\/sertv.gob.pa\/crisolfm\/wp-json\/wp\/v2\/comments?post=33268"}],"version-history":[{"count":1,"href":"https:\/\/sertv.gob.pa\/crisolfm\/wp-json\/wp\/v2\/posts\/33268\/revisions"}],"predecessor-version":[{"id":33270,"href":"https:\/\/sertv.gob.pa\/crisolfm\/wp-json\/wp\/v2\/posts\/33268\/revisions\/33270"}],"wp:featuredmedia":[{"embeddable":true,"href":"https:\/\/sertv.gob.pa\/crisolfm\/wp-json\/wp\/v2\/media\/33269"}],"wp:attachment":[{"href":"https:\/\/sertv.gob.pa\/crisolfm\/wp-json\/wp\/v2\/media?parent=33268"}],"wp:term":[{"taxonomy":"category","embeddable":true,"href":"https:\/\/sertv.gob.pa\/crisolfm\/wp-json\/wp\/v2\/categories?post=33268"},{"taxonomy":"post_tag","embeddable":true,"href":"https:\/\/sertv.gob.pa\/crisolfm\/wp-json\/wp\/v2\/tags?post=33268"}],"curies":[{"name":"wp","href":"https:\/\/api.w.org\/{rel}","templated":true}]}}