{"id":33312,"date":"2020-09-28T15:24:58","date_gmt":"2020-09-28T15:24:58","guid":{"rendered":"https:\/\/sertv.gob.pa\/crisolfm\/?p=33312"},"modified":"2020-09-28T15:24:58","modified_gmt":"2020-09-28T15:24:58","slug":"premios-ariel-virtuales-reivindican-igualdad-de-genero-y-cine-mexicano","status":"publish","type":"post","link":"https:\/\/sertv.gob.pa\/crisolfm\/premios-ariel-virtuales-reivindican-igualdad-de-genero-y-cine-mexicano\/","title":{"rendered":"Premios Ariel virtuales reivindican igualdad de g\u00e9nero y cine mexicano"},"content":{"rendered":"<p>La ceremonia virtual de los premios Ariel del cine mexicano reivindic\u00f3 este domingo la igualdad y la erradicaci\u00f3n de la violencia contra las mujeres en el pa\u00eds, adem\u00e1s de insistir en la necesidad de proteger y fomentar esta industria que corre peligro debido a la crisis provocada por el coronavirus.<\/p>\n<p>La 62 edici\u00f3n de los premios Ariel de la Academia Mexicana de Artes y Ciencias Cinematogr\u00e1ficas (AMACC) de M\u00e9xico estuvo repleta de pa\u00f1oletas rojas y menciones a los derechos de las mujeres a pesar de que tuvo un ritmo fren\u00e9tico y -por momentos- de tensi\u00f3n por la novedad de llevarla a cabo de manera virtual.<\/p>\n<p>\u00abNo pueden seguir sucediendo los feminicidios\u00bb, dijo la presentadora de la gala, la actriz Ver\u00f3nica Toussaint, a la vez que port\u00f3 un brazalete rojo del movimiento #YaEsHora, que tuvo protagonismo en la ceremonia presencial del a\u00f1o pasado y que suscriben mujeres de m\u00faltiples \u00e1mbitos de la industria del cine para reivindicar la igualdad en su sector.<\/p>\n<p>Muchas otras galardonadas durante la noche hicieron menci\u00f3n a la espiral de violencia machista existente en M\u00e9xico, donde cada d\u00eda son asesinadas diez mujeres.<\/p>\n<p>Entre las premiadas que tuvieron palabras contra la misoginia estuvo la compositora Luc\u00eda \u00c1lvarez, quien se hizo con uno de los dos Ariel de oro gracias a su trayectoria, en la que hizo la m\u00fasica de pel\u00edculas como \u00abEl callej\u00f3n de los milagros\u00bb (1995).<\/p>\n<p>\u00abNo queremos intimidaciones, desprecios, vejaciones y acosos. Sabemos lo que queremos: respeto, valoraci\u00f3n, reconocimiento, aceptaci\u00f3n, confianza, paz e imparcialidad. (&#8230;) Dedico este Ariel a todas las mujeres de M\u00e9xico que luchan por obtener su merecido lugar en todas las profesiones\u00bb, expres\u00f3 \u00c1lvarez.<\/p>\n<p>Adem\u00e1s, a lo largo de la gala tambi\u00e9n se hizo hincapi\u00e9 en la necesidad de salvaguardar el cine a pesar de los cambios que pueda traer la pandemia de coronavirus y los tiempos posteriores.<\/p>\n<p>Muchos recordaron que el s\u00e9ptimo arte es de primera necesidad por lo que es imprescindible contar con el apoyo del Gobierno, especialmente en el presupuesto que se le dedica al cine, que peligr\u00f3 debido a la crisis derivada de la COVID-19.<\/p>\n<p>Sin embargo, y a pesar de la preocupaci\u00f3n por el futuro de la industria del cine y las cr\u00edticas a la misoginia generalizada que todav\u00eda persiste en el pa\u00eds, se pudo percibir un ambiente de uni\u00f3n y agradecimiento por poder celebrar los premios aunque fuese de manera virtual.<\/p>\n<p>Fuente:\u00a0\u00a0 EFE<\/p>\n<p>&nbsp;<\/p>\n","protected":false},"excerpt":{"rendered":"<p>La ceremonia virtual de los premios Ariel del cine mexicano <a href=\"https:\/\/sertv.gob.pa\/crisolfm\/premios-ariel-virtuales-reivindican-igualdad-de-genero-y-cine-mexicano\/\"> [&#8230;]<\/a><\/p>\n","protected":false},"author":64,"featured_media":33313,"comment_status":"closed","ping_status":"closed","sticky":false,"template":"","format":"standard","meta":{"footnotes":""},"categories":[6],"tags":[],"class_list":["post-33312","post","type-post","status-publish","format-standard","has-post-thumbnail","hentry","category-culturales"],"_links":{"self":[{"href":"https:\/\/sertv.gob.pa\/crisolfm\/wp-json\/wp\/v2\/posts\/33312","targetHints":{"allow":["GET"]}}],"collection":[{"href":"https:\/\/sertv.gob.pa\/crisolfm\/wp-json\/wp\/v2\/posts"}],"about":[{"href":"https:\/\/sertv.gob.pa\/crisolfm\/wp-json\/wp\/v2\/types\/post"}],"author":[{"embeddable":true,"href":"https:\/\/sertv.gob.pa\/crisolfm\/wp-json\/wp\/v2\/users\/64"}],"replies":[{"embeddable":true,"href":"https:\/\/sertv.gob.pa\/crisolfm\/wp-json\/wp\/v2\/comments?post=33312"}],"version-history":[{"count":1,"href":"https:\/\/sertv.gob.pa\/crisolfm\/wp-json\/wp\/v2\/posts\/33312\/revisions"}],"predecessor-version":[{"id":33314,"href":"https:\/\/sertv.gob.pa\/crisolfm\/wp-json\/wp\/v2\/posts\/33312\/revisions\/33314"}],"wp:featuredmedia":[{"embeddable":true,"href":"https:\/\/sertv.gob.pa\/crisolfm\/wp-json\/wp\/v2\/media\/33313"}],"wp:attachment":[{"href":"https:\/\/sertv.gob.pa\/crisolfm\/wp-json\/wp\/v2\/media?parent=33312"}],"wp:term":[{"taxonomy":"category","embeddable":true,"href":"https:\/\/sertv.gob.pa\/crisolfm\/wp-json\/wp\/v2\/categories?post=33312"},{"taxonomy":"post_tag","embeddable":true,"href":"https:\/\/sertv.gob.pa\/crisolfm\/wp-json\/wp\/v2\/tags?post=33312"}],"curies":[{"name":"wp","href":"https:\/\/api.w.org\/{rel}","templated":true}]}}