{"id":33315,"date":"2020-09-28T15:54:11","date_gmt":"2020-09-28T15:54:11","guid":{"rendered":"https:\/\/sertv.gob.pa\/crisolfm\/?p=33315"},"modified":"2020-09-28T15:54:11","modified_gmt":"2020-09-28T15:54:11","slug":"viena-homenajea-a-beethoven-fusionando-romanticismo-con-arte-moderno","status":"publish","type":"post","link":"https:\/\/sertv.gob.pa\/crisolfm\/viena-homenajea-a-beethoven-fusionando-romanticismo-con-arte-moderno\/","title":{"rendered":"Viena homenajea a Beethoven fusionando Romanticismo con Arte moderno"},"content":{"rendered":"<p>El Museo de Historia del Arte de Viena dedica un \u00abinusual\u00bb homenaje al m\u00fasico alem\u00e1n Ludwig van Beethoven en el 250 aniversario de su nacimiento con una exposici\u00f3n que pone en contraste obras de arte cl\u00e1sico y moderno para reinterpretar el legado musical del compositor.<\/p>\n<p>La exposici\u00f3n \u00abBeethoven se mueve\u00bb, que se abre ma\u00f1ana al p\u00fablico, supone un juego de diversos movimientos y estilos art\u00edsticos de diferentes \u00e9pocas con el que la pinacoteca m\u00e1s importante de Austria se desmarca de su tradici\u00f3n dedicando parte de sus instalaciones a un artista completamente ajeno al mundo de la pintura.<\/p>\n<p>\u00abBeethoven ha inspirado a muchas generaciones de artistas m\u00e1s all\u00e1 de la m\u00fasica\u00bb, explic\u00f3 la directora del museo, Sabine Haag, durante la presentaci\u00f3n de la muestra defendiendo este cambio de paradigma, lo que ha supuesto \u00abalgo radical\u00bb para el museo.<\/p>\n<p>Haag ha confesado que la idea original de dedicar una parte del museo a Beethoven responde a un deseo de Eike Schmdit, designado director del museo pero que renunci\u00f3 el a\u00f1o pasado antes de llegar a ocupar el cargo, y que declar\u00f3 tajante: \u00abEl Museo de Historia del Arte tiene que hacer algo por el 250 aniversario de Ludwig van Beethoven\u00bb.<\/p>\n<p>La obra de Beethoven, apenas mostrada a trav\u00e9s de algunas partituras y escritos originales, representa s\u00f3lo una parte reducida de la exposici\u00f3n, que est\u00e1 protagonizada por pinturas y bocetos de referentes del Romanticismo y coet\u00e1neos de Beethoven como Francisco de Goya, William Turner o Gaspar David Friedrich.<\/p>\n<p>Estas obras de arte universales comparten espacio con objetos disonantes como un piano de cola destruido colgando del techo -una instalaci\u00f3n de Rebecca Horn titulada \u00abConcierto por la anarqu\u00eda\u00bb-, una partitura en la que est\u00e1n superpuestas todas las 32 sonatas compuestas por Beethoven y otras muestras de arte moderno de corte m\u00e1s transgresor.<\/p>\n<p>Tambi\u00e9n hay referencias simb\u00f3licas a la vida del compositor de \u00abPara Elisa\u00bb: un escenario construido con parte del suelo original de la \u00faltima de las 60 viviendas que ocup\u00f3 durante sus largas estancias en Viena.<\/p>\n<p>La vida del m\u00fasico alem\u00e1n est\u00e1 muy ligada a la capital austr\u00edaca, donde pas\u00f3 la mayor parte de su vida, compuso sus piezas m\u00e1s importantes y muri\u00f3 en 1827.<\/p>\n<p>En la misma sala se encuentra la corneta que utiliz\u00f3 durante sus \u00faltimos a\u00f1os, en los que padeci\u00f3 sordera, junto con diferentes grabados de la serie de los \u00abCaprichos\u00bb del pintor espa\u00f1ol Francisco de Goya, que al igual que Beethoven tambi\u00e9n sufri\u00f3 severos problemas de o\u00eddo.<\/p>\n<p>En la \u00faltima sala, completamente vac\u00eda y despejada de adornos y a la que no pueden acceder las c\u00e1maras, el visitante se topa con una interpretaci\u00f3n de la m\u00fasica de Beethoven: varios cantantes interpretan a capella por turno, en directo y durante todo el d\u00eda, distintas piezas del m\u00fasico.<\/p>\n<p>\u00abBeethoven se mueve\u00bb se integra dentro del calendario de eventos culturales que organiza la ciudad de Viena para conmemorar el 250 aniversario del nacimiento del genio musical y que culminar\u00e1 el 16 de diciembre, d\u00eda de su cumplea\u00f1os, con un concierto en la Plaza del Ayuntamiento de la capital austr\u00edaca.<\/p>\n<p>&nbsp;<\/p>\n<p>Fuente:\u00a0 EFE<\/p>\n<p>&nbsp;<\/p>\n","protected":false},"excerpt":{"rendered":"<p>El Museo de Historia del Arte de Viena dedica un <a href=\"https:\/\/sertv.gob.pa\/crisolfm\/viena-homenajea-a-beethoven-fusionando-romanticismo-con-arte-moderno\/\"> [&#8230;]<\/a><\/p>\n","protected":false},"author":64,"featured_media":33316,"comment_status":"closed","ping_status":"closed","sticky":false,"template":"","format":"standard","meta":{"footnotes":""},"categories":[6],"tags":[],"class_list":["post-33315","post","type-post","status-publish","format-standard","has-post-thumbnail","hentry","category-culturales"],"_links":{"self":[{"href":"https:\/\/sertv.gob.pa\/crisolfm\/wp-json\/wp\/v2\/posts\/33315","targetHints":{"allow":["GET"]}}],"collection":[{"href":"https:\/\/sertv.gob.pa\/crisolfm\/wp-json\/wp\/v2\/posts"}],"about":[{"href":"https:\/\/sertv.gob.pa\/crisolfm\/wp-json\/wp\/v2\/types\/post"}],"author":[{"embeddable":true,"href":"https:\/\/sertv.gob.pa\/crisolfm\/wp-json\/wp\/v2\/users\/64"}],"replies":[{"embeddable":true,"href":"https:\/\/sertv.gob.pa\/crisolfm\/wp-json\/wp\/v2\/comments?post=33315"}],"version-history":[{"count":1,"href":"https:\/\/sertv.gob.pa\/crisolfm\/wp-json\/wp\/v2\/posts\/33315\/revisions"}],"predecessor-version":[{"id":33317,"href":"https:\/\/sertv.gob.pa\/crisolfm\/wp-json\/wp\/v2\/posts\/33315\/revisions\/33317"}],"wp:featuredmedia":[{"embeddable":true,"href":"https:\/\/sertv.gob.pa\/crisolfm\/wp-json\/wp\/v2\/media\/33316"}],"wp:attachment":[{"href":"https:\/\/sertv.gob.pa\/crisolfm\/wp-json\/wp\/v2\/media?parent=33315"}],"wp:term":[{"taxonomy":"category","embeddable":true,"href":"https:\/\/sertv.gob.pa\/crisolfm\/wp-json\/wp\/v2\/categories?post=33315"},{"taxonomy":"post_tag","embeddable":true,"href":"https:\/\/sertv.gob.pa\/crisolfm\/wp-json\/wp\/v2\/tags?post=33315"}],"curies":[{"name":"wp","href":"https:\/\/api.w.org\/{rel}","templated":true}]}}