{"id":3332,"date":"2015-10-01T17:56:58","date_gmt":"2015-10-01T17:56:58","guid":{"rendered":""},"modified":"2015-10-01T17:56:58","modified_gmt":"2015-10-01T17:56:58","slug":"hoy-se-celebra-el-dia-latinoamericano-del-murcielago","status":"publish","type":"post","link":"https:\/\/sertv.gob.pa\/crisolfm\/hoy-se-celebra-el-dia-latinoamericano-del-murcielago\/","title":{"rendered":"Hoy se celebra el D\u00eda Latinoamericano del Murci\u00e9lago"},"content":{"rendered":"<p>\nHoy, 1 de octubre, se celebra el D\u00eda Latinoamericano del Murci\u00e9lago, creado en el 2011 por la Red Latinoamericana y del Caribe de Conservaci\u00f3n de Murci\u00e9lagos (Relcom). <\/p>\n<p>Esta red, conformada por profesionales, estudiantes universitarios, ambientalistas y vecinos de lugares que sirven de refugio para los murci\u00e9lagos, posteriormente declar\u00f3 todo el mes de octubre como el Mes de los Murci\u00e9lagos. Relcom surgi\u00f3 en 2007 por la preocupaci\u00f3n de la situaci\u00f3n de los murci\u00e9lagos en nuestra regi\u00f3n. <\/p>\n<p>&lsquo;El prop\u00f3sito de esta fecha, y mes es fomentar la reflexi\u00f3n sobre este diverso grupo de especies presente en nuestra regi\u00f3n y resaltar las contribuciones de estos mam\u00edferos al ambiente, que incluyen su participaci\u00f3n como polinizadores de plantas, como dispersores de semillas y como controladores de insectos plagas&#8217;, se\u00f1al\u00f3 Julieta Carri\u00f3n, del Comit\u00e9 de Educaci\u00f3n del Programa de Conservaci\u00f3n de Murci\u00e9lagos de Panam\u00e1 (PCM PAN). <\/p>\n<p>\u00a0 <\/p>\n<p>\u00a0 <\/p>\n","protected":false},"excerpt":{"rendered":"<p>Hoy, 1 de octubre, se celebra el D\u00eda Latinoamericano del <a href=\"https:\/\/sertv.gob.pa\/crisolfm\/hoy-se-celebra-el-dia-latinoamericano-del-murcielago\/\"> [&#8230;]<\/a><\/p>\n","protected":false},"author":1,"featured_media":3333,"comment_status":"closed","ping_status":"closed","sticky":false,"template":"","format":"standard","meta":{"footnotes":""},"categories":[7],"tags":[],"class_list":["post-3332","post","type-post","status-publish","format-standard","has-post-thumbnail","hentry","category-ecologicas"],"_links":{"self":[{"href":"https:\/\/sertv.gob.pa\/crisolfm\/wp-json\/wp\/v2\/posts\/3332","targetHints":{"allow":["GET"]}}],"collection":[{"href":"https:\/\/sertv.gob.pa\/crisolfm\/wp-json\/wp\/v2\/posts"}],"about":[{"href":"https:\/\/sertv.gob.pa\/crisolfm\/wp-json\/wp\/v2\/types\/post"}],"author":[{"embeddable":true,"href":"https:\/\/sertv.gob.pa\/crisolfm\/wp-json\/wp\/v2\/users\/1"}],"replies":[{"embeddable":true,"href":"https:\/\/sertv.gob.pa\/crisolfm\/wp-json\/wp\/v2\/comments?post=3332"}],"version-history":[{"count":0,"href":"https:\/\/sertv.gob.pa\/crisolfm\/wp-json\/wp\/v2\/posts\/3332\/revisions"}],"wp:featuredmedia":[{"embeddable":true,"href":"https:\/\/sertv.gob.pa\/crisolfm\/wp-json\/wp\/v2\/media\/3333"}],"wp:attachment":[{"href":"https:\/\/sertv.gob.pa\/crisolfm\/wp-json\/wp\/v2\/media?parent=3332"}],"wp:term":[{"taxonomy":"category","embeddable":true,"href":"https:\/\/sertv.gob.pa\/crisolfm\/wp-json\/wp\/v2\/categories?post=3332"},{"taxonomy":"post_tag","embeddable":true,"href":"https:\/\/sertv.gob.pa\/crisolfm\/wp-json\/wp\/v2\/tags?post=3332"}],"curies":[{"name":"wp","href":"https:\/\/api.w.org\/{rel}","templated":true}]}}