{"id":33333,"date":"2020-09-28T19:08:40","date_gmt":"2020-09-28T19:08:40","guid":{"rendered":"https:\/\/sertv.gob.pa\/crisolfm\/?p=33333"},"modified":"2020-09-28T19:08:40","modified_gmt":"2020-09-28T19:08:40","slug":"cannes-tendra-una-edicion-efimera-con-4-peliculas-y-su-competicion-de-cortos","status":"publish","type":"post","link":"https:\/\/sertv.gob.pa\/crisolfm\/cannes-tendra-una-edicion-efimera-con-4-peliculas-y-su-competicion-de-cortos\/","title":{"rendered":"Cannes tendr\u00e1 una edici\u00f3n ef\u00edmera con 4 pel\u00edculas y su competici\u00f3n de cortos"},"content":{"rendered":"<p>El Festival de Cannes, que anul\u00f3 su celebraci\u00f3n este a\u00f1o debido a la pandemia, anunci\u00f3 este lunes que entre los pr\u00f3ximos 27 al 29 de octubre ofrecer\u00e1 una edici\u00f3n simb\u00f3lica que proyectar\u00e1 cuatro preestrenos de la selecci\u00f3n oficial y los cortometrajes en competici\u00f3n.<\/p>\n<p>\u00abUn triomphe\u00bb, de Emmanuel Courcol, inaugurar\u00e1 esa programaci\u00f3n extraordinaria que tambi\u00e9n incluye \u00abLes Deux Alfred\u00bb, de Bruno Podalyd\u00e8s;\u00bbTrue Mothers\u00bb, de Naomi Kawase, que particip\u00f3 en el \u00faltimo Festival de San Sebasti\u00e1n, y la gran triunfadora en el certamen espa\u00f1ol, \u00abBeginning\u00bb, de Dea Kulumbegashvili.<\/p>\n<p>Esos cuatro filmes forman parte de la selecci\u00f3n oficial este a\u00f1o, anunciada aunque no se celebrara el festival y que no cont\u00f3 con las secciones habituales de Competici\u00f3n, Fuera de Competici\u00f3n, Una Cierta Mirada, Sesiones Especiales y Sesiones de Medianoche.<\/p>\n<p>En los cortometrajes, sin embargo, s\u00ed se mantuvo la competici\u00f3n, y los 11 seleccionados, entre los que est\u00e1n el franc\u00e9s \u00abCamille sans contact\u00bb, de Paul Nouhet, se proyectar\u00e1n en La Croisette y optar\u00e1n a la Palma de Oro.<\/p>\n<p>Tambi\u00e9n entregar\u00e1 sus premios la Cinefundaci\u00f3n, el apartado dedicado a los proyectos surgidos de escuelas cinematogr\u00e1ficas, que incluyen este a\u00f1o el argentino \u00abMuralla china\u00bb, de Santiago Barzi, o el franc\u00e9s \u00abCuando nos vamos\u00bb, de Mitchelle Tamariz, sobre un viaje por el desierto mexicano.<\/p>\n<p>Para el presidente del festival, Pierre Lescure, esta celebraci\u00f3n especial es una manera de estar presente junto a la poblaci\u00f3n de esa localidad de la Costa Azul francesa y a los profesionales del sector con los que trabajan cada a\u00f1o \u00abmano a mano\u00bb.<\/p>\n<p>Si la situaci\u00f3n sanitaria lo permite, la celebraci\u00f3n de la 74 edici\u00f3n del certamen est\u00e1 programada ya entre los pr\u00f3ximos 11 y 22 de mayo del a\u00f1o que viene.<\/p>\n<p>Fuente:\u00a0 EFE<\/p>\n<p>&nbsp;<\/p>\n","protected":false},"excerpt":{"rendered":"<p>El Festival de Cannes, que anul\u00f3 su celebraci\u00f3n este a\u00f1o <a href=\"https:\/\/sertv.gob.pa\/crisolfm\/cannes-tendra-una-edicion-efimera-con-4-peliculas-y-su-competicion-de-cortos\/\"> [&#8230;]<\/a><\/p>\n","protected":false},"author":64,"featured_media":33335,"comment_status":"closed","ping_status":"closed","sticky":false,"template":"","format":"standard","meta":{"footnotes":""},"categories":[6],"tags":[],"class_list":["post-33333","post","type-post","status-publish","format-standard","has-post-thumbnail","hentry","category-culturales"],"_links":{"self":[{"href":"https:\/\/sertv.gob.pa\/crisolfm\/wp-json\/wp\/v2\/posts\/33333","targetHints":{"allow":["GET"]}}],"collection":[{"href":"https:\/\/sertv.gob.pa\/crisolfm\/wp-json\/wp\/v2\/posts"}],"about":[{"href":"https:\/\/sertv.gob.pa\/crisolfm\/wp-json\/wp\/v2\/types\/post"}],"author":[{"embeddable":true,"href":"https:\/\/sertv.gob.pa\/crisolfm\/wp-json\/wp\/v2\/users\/64"}],"replies":[{"embeddable":true,"href":"https:\/\/sertv.gob.pa\/crisolfm\/wp-json\/wp\/v2\/comments?post=33333"}],"version-history":[{"count":1,"href":"https:\/\/sertv.gob.pa\/crisolfm\/wp-json\/wp\/v2\/posts\/33333\/revisions"}],"predecessor-version":[{"id":33336,"href":"https:\/\/sertv.gob.pa\/crisolfm\/wp-json\/wp\/v2\/posts\/33333\/revisions\/33336"}],"wp:featuredmedia":[{"embeddable":true,"href":"https:\/\/sertv.gob.pa\/crisolfm\/wp-json\/wp\/v2\/media\/33335"}],"wp:attachment":[{"href":"https:\/\/sertv.gob.pa\/crisolfm\/wp-json\/wp\/v2\/media?parent=33333"}],"wp:term":[{"taxonomy":"category","embeddable":true,"href":"https:\/\/sertv.gob.pa\/crisolfm\/wp-json\/wp\/v2\/categories?post=33333"},{"taxonomy":"post_tag","embeddable":true,"href":"https:\/\/sertv.gob.pa\/crisolfm\/wp-json\/wp\/v2\/tags?post=33333"}],"curies":[{"name":"wp","href":"https:\/\/api.w.org\/{rel}","templated":true}]}}