{"id":33345,"date":"2020-09-29T13:24:47","date_gmt":"2020-09-29T13:24:47","guid":{"rendered":"https:\/\/sertv.gob.pa\/crisolfm\/?p=33345"},"modified":"2020-09-29T13:24:47","modified_gmt":"2020-09-29T13:24:47","slug":"avanza-agenda-estrategica-de-cooperacion-cultural-colombia-panama","status":"publish","type":"post","link":"https:\/\/sertv.gob.pa\/crisolfm\/avanza-agenda-estrategica-de-cooperacion-cultural-colombia-panama\/","title":{"rendered":"Avanza agenda estrat\u00e9gica de cooperaci\u00f3n cultural Colombia \u2013 Panam\u00e1"},"content":{"rendered":"<p>Los ministerios de Cultura de Panam\u00e1 y Colombia desarrollan un cronograma de intercambios virtuales para avanzar en una agenda de trabajo de cooperaci\u00f3n t\u00e9cnica basada en temas de patrimonio, gesti\u00f3n cultural territorial, econom\u00eda creativa y museos.<\/p>\n<p>El equipo del ministerio colombiano comparte sus experiencias de cooperaci\u00f3n t\u00e9cnica, a trav\u00e9s de un plan de trabajo bilateral proyectado, con el prop\u00f3sito de contribuir a la institucionalidad cultural que construye MiCultura en Panam\u00e1.<\/p>\n<p>La agenda de cooperaci\u00f3n contempla el acompa\u00f1amiento t\u00e9cnico de capacitaci\u00f3n en la estructuraci\u00f3n de procesos institucionales, la gesti\u00f3n cultural territorial y las estrategias para el desarrollo de museos con el fin de fortalecer las capacidades institucionales para enfocados en la planificaci\u00f3n estrat\u00e9gica y administrativa, la visi\u00f3n integral del patrimonio cultural y la econom\u00eda creativa, as\u00ed como el acompa\u00f1amiento al plan de intervenci\u00f3n del Distrito Creativo de la ciudad de Panam\u00e1.<\/p>\n<p>El Ministro de Cultura, Carlos Aguilar Navarro, agradeci\u00f3 el apoyo del equipo t\u00e9cnico del pa\u00eds vecino en este proceso de intercambio y resalt\u00f3 los esfuerzos que en conjunto realizan los dos pa\u00edses para mantener l\u00edneas de colaboraci\u00f3n siempre articuladas con los objetivos de desarrollo sostenible que permiten construir visiones culturales compartidas dentro de la regi\u00f3n.<\/p>\n<p>Por su parte, la Ministra de Cultura de Colombia, Carmen In\u00e9s V\u00e1squez Camacho, en el contexto de esta cooperaci\u00f3n t\u00e9cnica, explic\u00f3 que se adelanta una nutrida agenda de trabajo bilateral que permite continuar apoyando la consolidaci\u00f3n del Ministerio de Cultura, que el pasado 15 de agosto celebr\u00f3 el primer aniversario de su creaci\u00f3n.<\/p>\n<p>La agenda de cooperaci\u00f3n t\u00e9cnica entre los dos pa\u00edses empez\u00f3 a proyectarse en septiembre de 2019, con el compromiso del presidente colombiano Iv\u00e1n Duque con el presidente Laurentino Cortizo Cohen de brindar el apoyo mutuo necesario para la constituci\u00f3n organizacional del ministerio cultural paname\u00f1o.<\/p>\n<p>Asimismo, durante el mes de octubre del a\u00f1o pasado, los dos ministerios de cultura suscribieron un memorando de entendimiento sobre el Fortalecimiento de la Cooperaci\u00f3n Cultural que plante\u00f3 en su etapa inicial la identificaci\u00f3n de aspectos prioritarios en la agenda de trabajo a desarrollar.<\/p>\n<p>&nbsp;<\/p>\n<p>Fuente:\u00a0 MiCultura<\/p>\n","protected":false},"excerpt":{"rendered":"<p>Los ministerios de Cultura de Panam\u00e1 y Colombia desarrollan un <a href=\"https:\/\/sertv.gob.pa\/crisolfm\/avanza-agenda-estrategica-de-cooperacion-cultural-colombia-panama\/\"> [&#8230;]<\/a><\/p>\n","protected":false},"author":64,"featured_media":33346,"comment_status":"closed","ping_status":"closed","sticky":false,"template":"","format":"standard","meta":{"footnotes":""},"categories":[6],"tags":[],"class_list":["post-33345","post","type-post","status-publish","format-standard","has-post-thumbnail","hentry","category-culturales"],"_links":{"self":[{"href":"https:\/\/sertv.gob.pa\/crisolfm\/wp-json\/wp\/v2\/posts\/33345","targetHints":{"allow":["GET"]}}],"collection":[{"href":"https:\/\/sertv.gob.pa\/crisolfm\/wp-json\/wp\/v2\/posts"}],"about":[{"href":"https:\/\/sertv.gob.pa\/crisolfm\/wp-json\/wp\/v2\/types\/post"}],"author":[{"embeddable":true,"href":"https:\/\/sertv.gob.pa\/crisolfm\/wp-json\/wp\/v2\/users\/64"}],"replies":[{"embeddable":true,"href":"https:\/\/sertv.gob.pa\/crisolfm\/wp-json\/wp\/v2\/comments?post=33345"}],"version-history":[{"count":1,"href":"https:\/\/sertv.gob.pa\/crisolfm\/wp-json\/wp\/v2\/posts\/33345\/revisions"}],"predecessor-version":[{"id":33347,"href":"https:\/\/sertv.gob.pa\/crisolfm\/wp-json\/wp\/v2\/posts\/33345\/revisions\/33347"}],"wp:featuredmedia":[{"embeddable":true,"href":"https:\/\/sertv.gob.pa\/crisolfm\/wp-json\/wp\/v2\/media\/33346"}],"wp:attachment":[{"href":"https:\/\/sertv.gob.pa\/crisolfm\/wp-json\/wp\/v2\/media?parent=33345"}],"wp:term":[{"taxonomy":"category","embeddable":true,"href":"https:\/\/sertv.gob.pa\/crisolfm\/wp-json\/wp\/v2\/categories?post=33345"},{"taxonomy":"post_tag","embeddable":true,"href":"https:\/\/sertv.gob.pa\/crisolfm\/wp-json\/wp\/v2\/tags?post=33345"}],"curies":[{"name":"wp","href":"https:\/\/api.w.org\/{rel}","templated":true}]}}