{"id":33359,"date":"2020-09-29T15:24:12","date_gmt":"2020-09-29T15:24:12","guid":{"rendered":"https:\/\/sertv.gob.pa\/crisolfm\/?p=33359"},"modified":"2020-09-29T15:24:12","modified_gmt":"2020-09-29T15:24:12","slug":"festival-de-cine-de-tokio-deja-en-manos-de-audiencia-su-unico-premio-de-2020","status":"publish","type":"post","link":"https:\/\/sertv.gob.pa\/crisolfm\/festival-de-cine-de-tokio-deja-en-manos-de-audiencia-su-unico-premio-de-2020\/","title":{"rendered":"Festival de cine de Tokio deja en manos de audiencia su \u00fanico premio de 2020"},"content":{"rendered":"<p>El Festival Internacional de Cine de Tokio (TIFF) present\u00f3 este martes su programa oficial completo, en el que ha sustituido la secci\u00f3n oficial por una categor\u00eda de estrenos con m\u00e1s de 30 pel\u00edculas y s\u00f3lo ha mantenido un galard\u00f3n, el de la audiencia.<\/p>\n<p>El TIFF ha decidido prescindir de secciones de competici\u00f3n \u00abtras mucho dudar, porque se desconoce la evoluci\u00f3n de la COVID-19, adem\u00e1s de tener un fondo reducido y la circunstancia de que los invitados no podr\u00e1n venir desde el extranjero\u00bb, explic\u00f3 en una rueda de prensa el m\u00e1ximo responsable del certamen, Hiroyasu Ando.<\/p>\n<p>Al contrario que en las \u00faltimas citas cinematogr\u00e1ficas, el TIFF s\u00ed llevar\u00e1 a cabo proyecciones en los cines, aunque de forma reducida.<\/p>\n<p>\u00abQueremos que los aficionados vayan al cine para compartir esos momentos con otra gente. De esta forma se puede renovar el valor del cine\u00bb, se\u00f1al\u00f3 Ando, quien insisti\u00f3 que las proyecciones se llevar\u00e1n a cabo bajo medidas sanitarias y aforo limitado.<\/p>\n<p>En sustituci\u00f3n de la secci\u00f3n oficial, la secci\u00f3n de Asia y Japan Cinema Flash, que contaban con galard\u00f3n, el TIFF ha instaurado este a\u00f1o la secci\u00f3n Tokyo Premiere 2020, con siete estrenos en Asia y m\u00e1s de una veintena a nivel mundial, incluida la \u00f3pera prima del espa\u00f1ol David Mart\u00edn de los Santos, \u00abLa vida era eso\u00bb.<\/p>\n<p>El largometraje, protagonizado por Petra Mart\u00ednez (\u00abLa mala educaci\u00f3n\u00bb) y Anna Castillo (\u00abArde Madrid\u00bb), que gira en torno al encuentro de dos mujeres de generaciones diferentes, inmigrantes en B\u00e9lgica, y c\u00f3mo \u00e9ste desencadenar\u00e1 la transformaci\u00f3n de ambas, se estrenar\u00e1 en el festival en una fecha todav\u00eda por determinar.<\/p>\n<p>La cinta optar\u00e1 al premio de la audiencia, el \u00fanico de este 2020, donde la organizaci\u00f3n ha querido adem\u00e1s priorizar las obras de directores noveles, que suponen m\u00e1s de una veintena de los filmes.<\/p>\n<p>\u00ab\u00bfLos festivales de cine necesitan realmente premios?\u00bb, se pregunt\u00f3 por su parte en el acto el director de cine japon\u00e9s Hirokazu Kore-eda, que espera que la pr\u00f3xima edici\u00f3n del TIFF, programado del 31 de octubre al 9 de noviembre, sirva para renovarse. \u00abTener un festival enriquecido es muy importante para la cultura de un pa\u00eds\u00bb, a\u00f1adi\u00f3.<\/p>\n<p>Kore-eda participa en la 33 edici\u00f3n del TIFF como gestor de una serie de conversaciones en l\u00ednea con figuras del cine asi\u00e1tico a la que han bautizado como \u00abAsia Lounge\u00bb y en la que los espectadores podr\u00e1n formular preguntas en tiempo real.<\/p>\n<p>Entre los participantes est\u00e1n el director nip\u00f3n Kiyoshi Kurosawa, el productor camboyano Rithy Panh, el director chino Jia Zhangke o la actriz surcoreana Kim Bora.<\/p>\n<p>Adem\u00e1s de la secci\u00f3n de estrenos, el Festival Internacional de Cine de Tokio contar\u00e1 con una categor\u00eda de proyecciones especiales, en la que podr\u00e1 verse la coproducci\u00f3n brasile\u00f1o-estadounidense \u00abAbe\u00bb, de Fernando Grostein Andrade; y una secci\u00f3n de animaci\u00f3n japonesa centrada en las pel\u00edculas de la franquicia \u00abPok\u00e9mon\u00bb.<\/p>\n<p>Otra de las novedades en 2020 es una colaboraci\u00f3n entre el TIFF y el Latin Beat Film Festival, organizado por el espa\u00f1ol Alberto Calero, de la mano del que se estrenar\u00e1n en Asia el documental \u00abCourtroom 3H\u00bb, de Antonio M\u00e9ndez Esparza; \u00abSin se\u00f1as particulares\u00bb, de Fernanda Valadez; y \u00abEl agente topo\u00bb, de Maite Alberdi.<\/p>\n<p>&nbsp;<\/p>\n<p>Fuente:\u00a0 EFE<\/p>\n<p>&nbsp;<\/p>\n","protected":false},"excerpt":{"rendered":"<p>El Festival Internacional de Cine de Tokio (TIFF) present\u00f3 este <a href=\"https:\/\/sertv.gob.pa\/crisolfm\/festival-de-cine-de-tokio-deja-en-manos-de-audiencia-su-unico-premio-de-2020\/\"> [&#8230;]<\/a><\/p>\n","protected":false},"author":64,"featured_media":33360,"comment_status":"closed","ping_status":"closed","sticky":false,"template":"","format":"standard","meta":{"footnotes":""},"categories":[6],"tags":[],"class_list":["post-33359","post","type-post","status-publish","format-standard","has-post-thumbnail","hentry","category-culturales"],"_links":{"self":[{"href":"https:\/\/sertv.gob.pa\/crisolfm\/wp-json\/wp\/v2\/posts\/33359","targetHints":{"allow":["GET"]}}],"collection":[{"href":"https:\/\/sertv.gob.pa\/crisolfm\/wp-json\/wp\/v2\/posts"}],"about":[{"href":"https:\/\/sertv.gob.pa\/crisolfm\/wp-json\/wp\/v2\/types\/post"}],"author":[{"embeddable":true,"href":"https:\/\/sertv.gob.pa\/crisolfm\/wp-json\/wp\/v2\/users\/64"}],"replies":[{"embeddable":true,"href":"https:\/\/sertv.gob.pa\/crisolfm\/wp-json\/wp\/v2\/comments?post=33359"}],"version-history":[{"count":1,"href":"https:\/\/sertv.gob.pa\/crisolfm\/wp-json\/wp\/v2\/posts\/33359\/revisions"}],"predecessor-version":[{"id":33361,"href":"https:\/\/sertv.gob.pa\/crisolfm\/wp-json\/wp\/v2\/posts\/33359\/revisions\/33361"}],"wp:featuredmedia":[{"embeddable":true,"href":"https:\/\/sertv.gob.pa\/crisolfm\/wp-json\/wp\/v2\/media\/33360"}],"wp:attachment":[{"href":"https:\/\/sertv.gob.pa\/crisolfm\/wp-json\/wp\/v2\/media?parent=33359"}],"wp:term":[{"taxonomy":"category","embeddable":true,"href":"https:\/\/sertv.gob.pa\/crisolfm\/wp-json\/wp\/v2\/categories?post=33359"},{"taxonomy":"post_tag","embeddable":true,"href":"https:\/\/sertv.gob.pa\/crisolfm\/wp-json\/wp\/v2\/tags?post=33359"}],"curies":[{"name":"wp","href":"https:\/\/api.w.org\/{rel}","templated":true}]}}