{"id":33362,"date":"2020-09-29T15:53:26","date_gmt":"2020-09-29T15:53:26","guid":{"rendered":"https:\/\/sertv.gob.pa\/crisolfm\/?p=33362"},"modified":"2020-09-29T15:53:26","modified_gmt":"2020-09-29T15:53:26","slug":"isabel-allende-premio-liber-2020-a-la-mejor-autora-hispanoamericana","status":"publish","type":"post","link":"https:\/\/sertv.gob.pa\/crisolfm\/isabel-allende-premio-liber-2020-a-la-mejor-autora-hispanoamericana\/","title":{"rendered":"Isabel Allende, Premio Liber 2020 a la mejor autora hispanoamericana"},"content":{"rendered":"<p>La escritora y periodista chilena Isabel Allende ha sido elegida Premio Liber 2020 a la autora hispanoamericana m\u00e1s destacada, un galard\u00f3n que concede la Federaci\u00f3n de Gremios de Editores de Espa\u00f1a (FGEE).<\/p>\n<p>Con este premio los editores espa\u00f1oles reconocen \u00absu dilatada trayectoria literaria y su esfuerzo por llegar a lectores de todo el mundo y de todas las edades con diferentes g\u00e9neros que van desde la autobiograf\u00eda hasta la ficci\u00f3n, y en los que se incluye la descripci\u00f3n de acontecimientos hist\u00f3ricos importantes\u00bb, seg\u00fan un comunicado difundido hoy.<\/p>\n<p>Con m\u00e1s de 74 millones de libros vendidos, Isabel Allende se ha convertido en una de las autoras m\u00e1s le\u00eddas en el mundo, con 24 obras que han sido traducidas a m\u00e1s de 42 idiomas y que han sido aclamadas por la cr\u00edtica.<\/p>\n<p>El reconocimiento mundial le lleg\u00f3 en el a\u00f1o 1982 con la publicaci\u00f3n de su primera novela, \u00abLa Casa de los Esp\u00edritus\u00bb, que comenz\u00f3 como una carta de despedida a su abuelo moribundo.<\/p>\n<p>Desde entonces, ha seguido atrayendo a los lectores con t\u00edtulos como \u00abDe amor y de sombra\u00bb, \u00abEva Luna\u00bb, \u00abHija de la fortuna\u00bb, \u00abPaula\u00bb, \u00abEl amante japon\u00e9s\u00bb, \u00abM\u00e1s all\u00e1 del invierno\u00bb y, recientemente, \u00abLargo p\u00e9talo de mar\u00bb.<\/p>\n<p>Hija del diplom\u00e1tico chileno Tom\u00e1s Allende, primo de Salvador Allende, presidente de Chile entre 1970-1973 y de Francisca Llona Barros, Isabel Allende naci\u00f3 en Lima en 1942, se cri\u00f3 en Chile y obtuvo la nacionalidad estadounidense en 1993.<\/p>\n<p>Cuenta con m\u00e1s de 15 doctorados honor\u00edficos internacionales, incluido uno por la Universidad de Harvard (Boston). Ha recibido el Premio Nacional de Literatura de Chile (2010) o el Premio PEN Center Lifetime Achievement de Estados Unidos (2016), entre otros muchos.<\/p>\n<p>En 2014, el entonces presidente estadounidense Barack Obama le otorg\u00f3 la Medalla Presidencial de la Libertad, y en 2018 recibi\u00f3 la Medalla de Honor del National Book Award de Estados Unidos.<\/p>\n<p>Adem\u00e1s de su trabajo como escritora, Allende tambi\u00e9n dedica gran parte de su tiempo a los derechos humanos. En 1996, cre\u00f3 la Fundaci\u00f3n Isabel Allende que tiene como objetivo la protecci\u00f3n y empoderamiento de los derechos de mujeres y ni\u00f1as en el mundo.<\/p>\n<p>La entrega del premio tendr\u00e1 lugar el pr\u00f3ximo 27 de octubre en Arts Santa M\u00f3nica, de Barcelona, en el marco de las actividades de Liber 2020, que este a\u00f1o, debido a la situaci\u00f3n excepcional derivada de la crisis sanitaria se celebrar\u00e1 de manera virtual.<\/p>\n<p>Fuente:\u00a0\u00a0 EFE<\/p>\n<p>&nbsp;<\/p>\n","protected":false},"excerpt":{"rendered":"<p>La escritora y periodista chilena Isabel Allende ha sido elegida <a href=\"https:\/\/sertv.gob.pa\/crisolfm\/isabel-allende-premio-liber-2020-a-la-mejor-autora-hispanoamericana\/\"> [&#8230;]<\/a><\/p>\n","protected":false},"author":64,"featured_media":33363,"comment_status":"closed","ping_status":"closed","sticky":false,"template":"","format":"standard","meta":{"footnotes":""},"categories":[6],"tags":[],"class_list":["post-33362","post","type-post","status-publish","format-standard","has-post-thumbnail","hentry","category-culturales"],"_links":{"self":[{"href":"https:\/\/sertv.gob.pa\/crisolfm\/wp-json\/wp\/v2\/posts\/33362","targetHints":{"allow":["GET"]}}],"collection":[{"href":"https:\/\/sertv.gob.pa\/crisolfm\/wp-json\/wp\/v2\/posts"}],"about":[{"href":"https:\/\/sertv.gob.pa\/crisolfm\/wp-json\/wp\/v2\/types\/post"}],"author":[{"embeddable":true,"href":"https:\/\/sertv.gob.pa\/crisolfm\/wp-json\/wp\/v2\/users\/64"}],"replies":[{"embeddable":true,"href":"https:\/\/sertv.gob.pa\/crisolfm\/wp-json\/wp\/v2\/comments?post=33362"}],"version-history":[{"count":1,"href":"https:\/\/sertv.gob.pa\/crisolfm\/wp-json\/wp\/v2\/posts\/33362\/revisions"}],"predecessor-version":[{"id":33364,"href":"https:\/\/sertv.gob.pa\/crisolfm\/wp-json\/wp\/v2\/posts\/33362\/revisions\/33364"}],"wp:featuredmedia":[{"embeddable":true,"href":"https:\/\/sertv.gob.pa\/crisolfm\/wp-json\/wp\/v2\/media\/33363"}],"wp:attachment":[{"href":"https:\/\/sertv.gob.pa\/crisolfm\/wp-json\/wp\/v2\/media?parent=33362"}],"wp:term":[{"taxonomy":"category","embeddable":true,"href":"https:\/\/sertv.gob.pa\/crisolfm\/wp-json\/wp\/v2\/categories?post=33362"},{"taxonomy":"post_tag","embeddable":true,"href":"https:\/\/sertv.gob.pa\/crisolfm\/wp-json\/wp\/v2\/tags?post=33362"}],"curies":[{"name":"wp","href":"https:\/\/api.w.org\/{rel}","templated":true}]}}