{"id":33376,"date":"2020-09-29T17:54:01","date_gmt":"2020-09-29T17:54:01","guid":{"rendered":"https:\/\/sertv.gob.pa\/crisolfm\/?p=33376"},"modified":"2020-09-29T17:54:01","modified_gmt":"2020-09-29T17:54:01","slug":"el-espiritu-de-la-feria-del-libro-de-madrid-se-mantiene-en-directo","status":"publish","type":"post","link":"https:\/\/sertv.gob.pa\/crisolfm\/el-espiritu-de-la-feria-del-libro-de-madrid-se-mantiene-en-directo\/","title":{"rendered":"El esp\u00edritu de la Feria del Libro de Madrid se mantiene &#8216;En Directo&#8217;"},"content":{"rendered":"<p>La Feria del Libro de Madrid no se instalar\u00e1 este a\u00f1o en su entorno habitual del parque del Retiro, pero s\u00ed mantendr\u00e1 una amplia programaci\u00f3n a trav\u00e9s de las redes sociales, con debates, encuentros con autores, cuentacuentos o clases magistrales que tratar\u00e1n llegar a todas las generaciones de lectores.<\/p>\n<p>Con acento especial en la relaci\u00f3n con Iberoam\u00e9rica, esta edici\u00f3n especial de la feria se celebrar\u00e1 del 2 al 18 de octubre, fechas a las que se hab\u00eda trasladado la cita literaria tras suspender su tradicional ubicaci\u00f3n de junio y que tambi\u00e9n tuvo que ser anulada, por el coronavirus.<\/p>\n<p>Pero los organizadores no han querido renunciar a la feria y han organizado una amplia programaci\u00f3n a trav\u00e9s de las redes sociales con la que homenajean a la cancelada 79 edici\u00f3n, seg\u00fan han informado a EFE.<\/p>\n<p>La \u00abFeria del Libro de Madrid En Directo\u00bb analizar\u00e1 multitud de temas, desde el feminismo y la sostenibilidad a las preocupaciones sociales de los tiempos actuales, con especial atenci\u00f3n a la evoluci\u00f3n del ecosistema del libro y su futuro poscovid-19.<\/p>\n<p>El objetivo es estudiar c\u00f3mo se va a reconstruir el sector tras la grave crisis provocada por la pandemia, sin olvidar el contacto con los lectores y su lado m\u00e1s l\u00fadico, con la participaci\u00f3n de autores como Almudena Grandes, Rosa Montero, Lorenzo Silva, Daniel Innerarity, Alejandro Zambra o Marcelo Luj\u00e1n.<\/p>\n<p>Con el lema de \u00abuna feria para todos\u00bb, las actividades se desarrollar\u00e1n online de lunes a viernes y las librer\u00edas tambi\u00e9n participar\u00e1n, de forma simb\u00f3lica, con bolsas reciclables que llevar\u00e1n impresa la frase \u00abT\u00fa tienes la llave para reabrir las librer\u00edas\u00bb.<\/p>\n<p>Facebook, Youtube, Instagram y Twitter ser\u00e1n los canales de difusi\u00f3n de las actividades, que mantienen algunas de las que se hab\u00edan programado para la cita original del mes de junio.<\/p>\n<p>Una de ellas es una charla sobre la promoci\u00f3n literaria a trav\u00e9s de internet, vertiente que se ha amplificado exponencialmente con la crisis. Participar\u00e1n el Booktuber Sebas G. Mouret (\u00abEl coleccionista de mundos\u00bb); el administrador de la cuenta de Instagram top_bookstagrammer, V\u00edctor Arribas, y el copresentador del podcast para escritores \u00ab30 teclas por hora\u00bb, Miguel de Lys.<\/p>\n<p>Tambi\u00e9n se celebrar\u00e1 el centenario del nacimiento de la escritora y traductora argentina Aurora Bern\u00e1rdez, cuya importancia supera su vinculaci\u00f3n literaria y personal con Julio Cort\u00e1zar.<\/p>\n<p>El programa \u00abLeer Iberoam\u00e9rica Lee\u00bb contar\u00e1 con debates para leer la crisis a trav\u00e9s de los ojos de analistas iberoamericanos o analizar los problemas a\u00fan no superados a nivel mundial -la desigualdad, la democracia inclusiva o el racismo estructural-.<\/p>\n<p>La situaci\u00f3n pospandemia ser\u00e1 otro de los puntos esenciales del programa, con ponencias y reflexiones online de tres analistas internacionales: Porter Anderson, Michael Bhaskar y Edward Nawotka.<\/p>\n<p>Y el Instituto Cervantes colabora en la celebraci\u00f3n de un ciclo de tres mesas redondas: \u00abAutores en la era poscovid\u00bb, \u00abEl periodismo cultural del libro tras la pandemia\u00bb y \u00abPol\u00edticas Culturales\u00bb.<\/p>\n<p>Una programaci\u00f3n &#8216;en directo&#8217; online \u00abcon la vista en el futuro alentador que nos promete la 80\u00aa edici\u00f3n el pr\u00f3ximo 2021, cuando se espera poder recuperar su entorno natural, sin renunciar, no obstante, a las principales estrategias, herramientas y avances tecnol\u00f3gicos que ahora se explorar\u00e1n v\u00eda online\u00bb, destaca la organizaci\u00f3n.<\/p>\n<p>&nbsp;<\/p>\n<p>Fuente:\u00a0\u00a0 EFE<\/p>\n<p>&nbsp;<\/p>\n","protected":false},"excerpt":{"rendered":"<p>La Feria del Libro de Madrid no se instalar\u00e1 este <a href=\"https:\/\/sertv.gob.pa\/crisolfm\/el-espiritu-de-la-feria-del-libro-de-madrid-se-mantiene-en-directo\/\"> [&#8230;]<\/a><\/p>\n","protected":false},"author":64,"featured_media":33378,"comment_status":"closed","ping_status":"closed","sticky":false,"template":"","format":"standard","meta":{"footnotes":""},"categories":[6],"tags":[],"class_list":["post-33376","post","type-post","status-publish","format-standard","has-post-thumbnail","hentry","category-culturales"],"_links":{"self":[{"href":"https:\/\/sertv.gob.pa\/crisolfm\/wp-json\/wp\/v2\/posts\/33376","targetHints":{"allow":["GET"]}}],"collection":[{"href":"https:\/\/sertv.gob.pa\/crisolfm\/wp-json\/wp\/v2\/posts"}],"about":[{"href":"https:\/\/sertv.gob.pa\/crisolfm\/wp-json\/wp\/v2\/types\/post"}],"author":[{"embeddable":true,"href":"https:\/\/sertv.gob.pa\/crisolfm\/wp-json\/wp\/v2\/users\/64"}],"replies":[{"embeddable":true,"href":"https:\/\/sertv.gob.pa\/crisolfm\/wp-json\/wp\/v2\/comments?post=33376"}],"version-history":[{"count":1,"href":"https:\/\/sertv.gob.pa\/crisolfm\/wp-json\/wp\/v2\/posts\/33376\/revisions"}],"predecessor-version":[{"id":33379,"href":"https:\/\/sertv.gob.pa\/crisolfm\/wp-json\/wp\/v2\/posts\/33376\/revisions\/33379"}],"wp:featuredmedia":[{"embeddable":true,"href":"https:\/\/sertv.gob.pa\/crisolfm\/wp-json\/wp\/v2\/media\/33378"}],"wp:attachment":[{"href":"https:\/\/sertv.gob.pa\/crisolfm\/wp-json\/wp\/v2\/media?parent=33376"}],"wp:term":[{"taxonomy":"category","embeddable":true,"href":"https:\/\/sertv.gob.pa\/crisolfm\/wp-json\/wp\/v2\/categories?post=33376"},{"taxonomy":"post_tag","embeddable":true,"href":"https:\/\/sertv.gob.pa\/crisolfm\/wp-json\/wp\/v2\/tags?post=33376"}],"curies":[{"name":"wp","href":"https:\/\/api.w.org\/{rel}","templated":true}]}}