{"id":33400,"date":"2020-09-30T14:53:16","date_gmt":"2020-09-30T14:53:16","guid":{"rendered":"https:\/\/sertv.gob.pa\/crisolfm\/?p=33400"},"modified":"2020-09-30T14:53:16","modified_gmt":"2020-09-30T14:53:16","slug":"festival-iberoamericano-cine-de-huelva-espana-estrena-ciclo-por-internet","status":"publish","type":"post","link":"https:\/\/sertv.gob.pa\/crisolfm\/festival-iberoamericano-cine-de-huelva-espana-estrena-ciclo-por-internet\/","title":{"rendered":"Festival Iberoamericano cine de Huelva (Espa\u00f1a) estrena ciclo por internet"},"content":{"rendered":"<p>El Festival de Cine Iberoamericano de Huelva (Espa\u00f1a), que celebrar\u00e1 su 46 edici\u00f3n del 13 al 20 de noviembre, pone en marcha en octubre un nuevo ciclo que permitir\u00e1 el acceso por internet del p\u00fablico a una selecci\u00f3n de cortometrajes de animaci\u00f3n que han destacado por su calidad en los \u00faltimos a\u00f1os.<\/p>\n<p>Se trata del ciclo CineBreve, que proyectar\u00e1 un total de seis cortos de realizaci\u00f3n espa\u00f1ola durante los meses de octubre y noviembre y durante la semana del Festival, ha informado la organizaci\u00f3n en un comunicado.<\/p>\n<p>Se trata de los trabajos \u2018La noria\u2019, de Carlos Banea (Espa\u00f1a, 2018), que fue Mejor Cortomatraje en la 44 edici\u00f3n del certamen onubense; \u2018Un d\u00eda en el parque\u2019, de Diego Porral (2017); \u2018I wish\u2019, de Victor L. Pinel (2018), nominado en la 33 edici\u00f3n de los Goya; \u2018Tachaaan\u2019, de Rafael Cano (2009), nominado igualmente en la 24 edici\u00f3n de los Goya; \u2018Cua de sirena\u2019, de Alba Barb\u00e9 i Serra (2020); y \u2018Enlazados\u2019, de Jorge L\u00f3pez Ania (2017).<\/p>\n<p>Los espectadores podr\u00e1n acceder al visionado de estos cortometrajes de animaci\u00f3n de manera gratuita por medio de la plataforma OTT del Ayuntamiento de Huelva, cada uno de ellos con un periodo m\u00e1ximo de visualizaci\u00f3n de 72 horas, a trav\u00e9s de dispositivos m\u00f3viles (APP), ordenador o televisi\u00f3n.<\/p>\n<p>Las proyecciones de este nuevo ciclo comenzar\u00e1n el 10 de octubre, con el pase de \u2018La noria\u2019, que estar\u00e1 disponible hasta el d\u00eda 12 de octubre.<\/p>\n<p>Posteriormente, el ciclo se retomar\u00e1 el 31 de octubre con la proyecci\u00f3n de \u2018Enlazados\u2019, que podr\u00e1 verse hasta el 2 de noviembre. Por su parte, el cormetraje \u2018I wish\u2019 estar\u00e1 disponible para su visionado del 7 al 9 de noviembre.<\/p>\n<p>Por otro lado, los cortos \u2018Cua de Sirena\u2019, \u2018Un d\u00eda en el parque\u2019 y \u2018Tachaaan\u2019 podr\u00e1n verse de manera gratuita durante la semana del Festival, concretamente entre los d\u00edas 16 y 18 de noviembre. Este cortos, adem\u00e1s, se proyectar\u00e1n tambi\u00e9n en los centros educativos de Huelva.<\/p>\n<p>El ciclo CineBreve se programar\u00e1 en la plataforma (OTT) del Ayuntamiento de Huelva en un periodo de 72 horas m\u00e1ximo cada t\u00edtulo.<\/p>\n<p>La direcci\u00f3n de la plataforma es la siguiente: https:\/\/tv.huelva.es, en el apartado Festival de Cine Iberoamericano. Esta plataforma ofrecer\u00e1, adem\u00e1s, contenido relacionado con el certamen onubense de manera continua.<\/p>\n<p>Fuente:\u00a0 EFE<\/p>\n<p>&nbsp;<\/p>\n","protected":false},"excerpt":{"rendered":"<p>El Festival de Cine Iberoamericano de Huelva (Espa\u00f1a), que celebrar\u00e1 <a href=\"https:\/\/sertv.gob.pa\/crisolfm\/festival-iberoamericano-cine-de-huelva-espana-estrena-ciclo-por-internet\/\"> [&#8230;]<\/a><\/p>\n","protected":false},"author":64,"featured_media":33401,"comment_status":"closed","ping_status":"closed","sticky":false,"template":"","format":"standard","meta":{"footnotes":""},"categories":[6],"tags":[],"class_list":["post-33400","post","type-post","status-publish","format-standard","has-post-thumbnail","hentry","category-culturales"],"_links":{"self":[{"href":"https:\/\/sertv.gob.pa\/crisolfm\/wp-json\/wp\/v2\/posts\/33400","targetHints":{"allow":["GET"]}}],"collection":[{"href":"https:\/\/sertv.gob.pa\/crisolfm\/wp-json\/wp\/v2\/posts"}],"about":[{"href":"https:\/\/sertv.gob.pa\/crisolfm\/wp-json\/wp\/v2\/types\/post"}],"author":[{"embeddable":true,"href":"https:\/\/sertv.gob.pa\/crisolfm\/wp-json\/wp\/v2\/users\/64"}],"replies":[{"embeddable":true,"href":"https:\/\/sertv.gob.pa\/crisolfm\/wp-json\/wp\/v2\/comments?post=33400"}],"version-history":[{"count":1,"href":"https:\/\/sertv.gob.pa\/crisolfm\/wp-json\/wp\/v2\/posts\/33400\/revisions"}],"predecessor-version":[{"id":33402,"href":"https:\/\/sertv.gob.pa\/crisolfm\/wp-json\/wp\/v2\/posts\/33400\/revisions\/33402"}],"wp:featuredmedia":[{"embeddable":true,"href":"https:\/\/sertv.gob.pa\/crisolfm\/wp-json\/wp\/v2\/media\/33401"}],"wp:attachment":[{"href":"https:\/\/sertv.gob.pa\/crisolfm\/wp-json\/wp\/v2\/media?parent=33400"}],"wp:term":[{"taxonomy":"category","embeddable":true,"href":"https:\/\/sertv.gob.pa\/crisolfm\/wp-json\/wp\/v2\/categories?post=33400"},{"taxonomy":"post_tag","embeddable":true,"href":"https:\/\/sertv.gob.pa\/crisolfm\/wp-json\/wp\/v2\/tags?post=33400"}],"curies":[{"name":"wp","href":"https:\/\/api.w.org\/{rel}","templated":true}]}}