{"id":33406,"date":"2020-09-30T15:55:24","date_gmt":"2020-09-30T15:55:24","guid":{"rendered":"https:\/\/sertv.gob.pa\/crisolfm\/?p=33406"},"modified":"2020-09-30T15:55:24","modified_gmt":"2020-09-30T15:55:24","slug":"dudamel-debuta-en-teatre-del-liceu-de-barcelona-con-il-trovatore-de-verdi","status":"publish","type":"post","link":"https:\/\/sertv.gob.pa\/crisolfm\/dudamel-debuta-en-teatre-del-liceu-de-barcelona-con-il-trovatore-de-verdi\/","title":{"rendered":"Dudamel debuta en Teatre del Liceu de Barcelona con \u00abIl trovatore\u00bb de Verdi"},"content":{"rendered":"<p>El director de orquesta venezolano Gustavo Dudamel, considerado uno de los mejores del mundo, debuta ma\u00f1ana en el Gran Teatre del Liceu de Barcelona con la \u00f3pera de Verdi \u00abIl trovatore\u00bb, que se representar\u00e1 en versi\u00f3n concierto los d\u00edas 1 y 4 de octubre.<\/p>\n<p>Dudamel dirigir\u00e1 a la Orquesta Sinf\u00f3nica del Liceu\u00a0con un destacado reparto formado por Rachel Willis-S\u00f8rensen, Yusif Eyvazov, Ludovic T\u00e9zier y Okka von der Damerau.<\/p>\n<p>El concierto fue programado inicialmente con la soprano rusa Anna Netrebko, la gran diva de la \u00f3pera actual, que se vio obligada a cancelar su participaci\u00f3n al estar convaleciente por coronavirus, por lo que fue sustituida por la norteamericana Rachel Willis-S\u00f8rensen.<\/p>\n<p>Esta sera la primera vez en que Dudamel dirija a la Orquesta del Liceu, y tambi\u00e9n significar\u00e1 su debut en la direcci\u00f3n de esta emblem\u00e1tica \u00f3pera de Giuseppe Verdi.<\/p>\n<p>Para el director de orquesta venezolano, representa \u00abuna enorme ilusi\u00f3n poder pisar el escenario de un teatro tan emblem\u00e1tico en el que tantas figuras han ofrecido noches m\u00e1gicas y trabajar con su orquesta. Este es el teatro de Montserrat Caball\u00e9, Josep Carreras, Jaume Aragall&#8230;\u00bb, seg\u00fan un comunicado del Liceu.<\/p>\n<p>Dudamel llevar\u00e1 la batuta de esta obra l\u00edrica, que contiene algunos de los momentos musicales m\u00e1s memorables del compositor italiano, como el famoso coro de los gitanos \u00abVedi le fosche notturne\u00bb, sin olvidar el aria de Leonora en el cuarto acto, \u00abD\u2019amor sull&#8217;ali rosee\u00bb, una de las piezas m\u00e1s exigentes para una soprano dram\u00e1tica.<\/p>\n<p>La soprano Rachel Willis-S\u00f8rensen se ocupar\u00e1 del dif\u00edcil rol de Leonora, el tenor Yusif Eyvazov encarnar\u00e1 al turbulento trovador Manrico, el bar\u00edtono Ludovic T\u00e9zier ser\u00e1 el obsesivo Conte di Luna, y la mezzosoprano Okka von der Damerau se transformar\u00e1 en la gitana Azucena.<\/p>\n<p>\u00abIl trovatore\u00bb es una \u00f3pera en cuatro actos con m\u00fasica de Verdi y libreto de Salvatore Cammarano y Leone Emanuele Bardare. Se estren\u00f3 por primera vez el 19 de enero de 1853 en el Teatro Apollo de Roma. Al Gran Teatre del\u00a0Liceu\u00a0lleg\u00f3 un a\u00f1o m\u00e1s tarde, el 20 de mayo de 1854, y se represent\u00f3 por \u00faltima vez el 29 de julio de 2017, sumando un total de 284 representaciones.<\/p>\n<p>Compuesta justo despu\u00e9s de \u00ab<em>Rigoletto\u00bb<\/em>\u00a0y antes que \u00ab<em>La traviata\u00bb, \u00f3peras que en ocasiones se han considerado como <\/em>una trilog\u00eda de grandes dramas tr\u00e1gicos-,\u00a0\u00ab<em>Il trovatore\u00bb<\/em>\u00a0es un ejemplo del excepcional momento creativo que viv\u00eda el compositor a principios de 1850 y un resumen de todas las virtudes de Verdi.<\/p>\n<p>&nbsp;<\/p>\n<p>Fuente:\u00a0 EFE<\/p>\n<p>&nbsp;<\/p>\n","protected":false},"excerpt":{"rendered":"<p>El director de orquesta venezolano Gustavo Dudamel, considerado uno de <a href=\"https:\/\/sertv.gob.pa\/crisolfm\/dudamel-debuta-en-teatre-del-liceu-de-barcelona-con-il-trovatore-de-verdi\/\"> [&#8230;]<\/a><\/p>\n","protected":false},"author":64,"featured_media":33407,"comment_status":"closed","ping_status":"closed","sticky":false,"template":"","format":"standard","meta":{"footnotes":""},"categories":[6],"tags":[],"class_list":["post-33406","post","type-post","status-publish","format-standard","has-post-thumbnail","hentry","category-culturales"],"_links":{"self":[{"href":"https:\/\/sertv.gob.pa\/crisolfm\/wp-json\/wp\/v2\/posts\/33406","targetHints":{"allow":["GET"]}}],"collection":[{"href":"https:\/\/sertv.gob.pa\/crisolfm\/wp-json\/wp\/v2\/posts"}],"about":[{"href":"https:\/\/sertv.gob.pa\/crisolfm\/wp-json\/wp\/v2\/types\/post"}],"author":[{"embeddable":true,"href":"https:\/\/sertv.gob.pa\/crisolfm\/wp-json\/wp\/v2\/users\/64"}],"replies":[{"embeddable":true,"href":"https:\/\/sertv.gob.pa\/crisolfm\/wp-json\/wp\/v2\/comments?post=33406"}],"version-history":[{"count":1,"href":"https:\/\/sertv.gob.pa\/crisolfm\/wp-json\/wp\/v2\/posts\/33406\/revisions"}],"predecessor-version":[{"id":33408,"href":"https:\/\/sertv.gob.pa\/crisolfm\/wp-json\/wp\/v2\/posts\/33406\/revisions\/33408"}],"wp:featuredmedia":[{"embeddable":true,"href":"https:\/\/sertv.gob.pa\/crisolfm\/wp-json\/wp\/v2\/media\/33407"}],"wp:attachment":[{"href":"https:\/\/sertv.gob.pa\/crisolfm\/wp-json\/wp\/v2\/media?parent=33406"}],"wp:term":[{"taxonomy":"category","embeddable":true,"href":"https:\/\/sertv.gob.pa\/crisolfm\/wp-json\/wp\/v2\/categories?post=33406"},{"taxonomy":"post_tag","embeddable":true,"href":"https:\/\/sertv.gob.pa\/crisolfm\/wp-json\/wp\/v2\/tags?post=33406"}],"curies":[{"name":"wp","href":"https:\/\/api.w.org\/{rel}","templated":true}]}}