{"id":33435,"date":"2020-10-01T13:22:32","date_gmt":"2020-10-01T13:22:32","guid":{"rendered":"https:\/\/sertv.gob.pa\/crisolfm\/?p=33435"},"modified":"2020-10-01T13:22:32","modified_gmt":"2020-10-01T13:22:32","slug":"mafalda-la-nina-rebelde-que-quiso-cambiar-el-mundo-con-humor-e-ironia","status":"publish","type":"post","link":"https:\/\/sertv.gob.pa\/crisolfm\/mafalda-la-nina-rebelde-que-quiso-cambiar-el-mundo-con-humor-e-ironia\/","title":{"rendered":"Mafalda, la ni\u00f1a rebelde que quiso cambiar el mundo con humor e iron\u00eda"},"content":{"rendered":"<p>Lo bueno que tienen los dibujos es que por mucho que pasen los a\u00f1os no envejecen, y por eso Mafalda puede y podr\u00e1 siempre seguir siendo esa ni\u00f1a rebelde que quiso cambiar el mundo con grandes dosis de iron\u00eda, pese a que naci\u00f3 en 1964 y este jueves se qued\u00f3 hu\u00e9rfana tras la muerte de Quino, su creador.<\/p>\n<p>Muchos adjetivos se ajustan a la personalidad de Mafalda: rebelde, inconformista y curiosa, aunque entre estas cualidades destaca su simpleza y dominio de la palabra, debajo de la cual siempre hay un mensaje subyacente, con alta carga moral, que impregn\u00f3 a varias generaciones con su deseo de construir una realidad mejor, y es que como ella dec\u00eda: \u00abparen el mundo que me quiero bajar\u00bb.<\/p>\n<p>Su primera aparici\u00f3n fue en la revista Primera Plana en 1964, aunque su creador, Joaqu\u00edn Salvador Lavado, m\u00e1s conocido como Quino, la pens\u00f3 inicialmente para una campa\u00f1a de electrodom\u00e9sticos que nunca se lanz\u00f3. Su \u00e9xito fue inmediato y sus aventuras y reflexiones pasaron por las p\u00e1ginas de diarios como El Mundo, hasta su \u00faltima publicaci\u00f3n en el semanario Siete d\u00edas ilustrados, en 1973.<\/p>\n<p>Los nueve a\u00f1os en los que se publicaron sus historias le valieron para convertirse en un s\u00edmbolo eterno, intergeneracional, y sus libros fueron traducidos a 26 idiomas y s\u00f3lo en Argentina se vendieron m\u00e1s de 20 millones de ejemplares. Su mensaje se tradujo incluso al guaran\u00ed, uno de los \u00faltimos idiomas que Mafalda aprendi\u00f3 y que present\u00f3 en 2017 en la feria del libro de Asunci\u00f3n.<\/p>\n<p>PATRIMONIO MUNDIAL<\/p>\n<p>El recorrido de sus historias convirtieron a Mafalda en patrimonio cultural de todos, sin importar edad o nacionalidad, aunque Argentina la idolatra con el orgullo de quien vio nacer sus andanzas, en el porte\u00f1o barrio de San Telmo, donde se encuentra el Paseo de la Historieta, homenaje a varias ilustraciones donde la creaci\u00f3n de Quino es la joya de la corona.<\/p>\n<p>Cualquier domingo o d\u00eda festivo es normal ver una larga fila de gente en este barrio esperando para sacarse una foto en el famoso bando donde siempre est\u00e1n Mafalda, Manolito y Susanita, posiblemente hablando sobre los problemas de un mundo con los que ella nunca se sinti\u00f3 conforme.<\/p>\n<p>En Oviedo (Espa\u00f1a) hay una figura de Mafalda de 80 cent\u00edmetros, realizada en arcilla recubierta con resina y fibra de vidrio para protegerla del sol o la lluvia, a cuya inauguraci\u00f3n asisti\u00f3 Quino en 2014.<\/p>\n<p>La figura m\u00e1s grande de Mafalda se encuentra en Argentina, pero no en Buenos Aires, sino en Mendoza, provincia del norte del pa\u00eds en la que naci\u00f3 Quino. La estatua mide tres metros de altura, fue realizada por el artista Juan Valdivia y muestra a la ni\u00f1a sentada sobre tres libros: \u201cLas venas abiertas de Am\u00e9rica Latina\u201d, de Eduardo Galeano; \u201cRayuela\u201d, de Julio Cort\u00e1zar; y el \u201cMart\u00edn Fierro\u201d, de Jos\u00e9 Hern\u00e1ndez.<\/p>\n<p>Hoy el mundo llora la muerte de Quino, aunque su legado es y ser\u00e1 eterno a trav\u00e9s de este personaje, que nunca se cansar\u00e1 de luchar por sus ideales y seguir\u00e1 buscando la manera de evitar el plato de sopa.<\/p>\n<p>&nbsp;<\/p>\n<p>Fuente:\u00a0 EFE<\/p>\n","protected":false},"excerpt":{"rendered":"<p>Lo bueno que tienen los dibujos es que por mucho <a href=\"https:\/\/sertv.gob.pa\/crisolfm\/mafalda-la-nina-rebelde-que-quiso-cambiar-el-mundo-con-humor-e-ironia\/\"> [&#8230;]<\/a><\/p>\n","protected":false},"author":64,"featured_media":33436,"comment_status":"closed","ping_status":"closed","sticky":false,"template":"","format":"standard","meta":{"footnotes":""},"categories":[6],"tags":[],"class_list":["post-33435","post","type-post","status-publish","format-standard","has-post-thumbnail","hentry","category-culturales"],"_links":{"self":[{"href":"https:\/\/sertv.gob.pa\/crisolfm\/wp-json\/wp\/v2\/posts\/33435","targetHints":{"allow":["GET"]}}],"collection":[{"href":"https:\/\/sertv.gob.pa\/crisolfm\/wp-json\/wp\/v2\/posts"}],"about":[{"href":"https:\/\/sertv.gob.pa\/crisolfm\/wp-json\/wp\/v2\/types\/post"}],"author":[{"embeddable":true,"href":"https:\/\/sertv.gob.pa\/crisolfm\/wp-json\/wp\/v2\/users\/64"}],"replies":[{"embeddable":true,"href":"https:\/\/sertv.gob.pa\/crisolfm\/wp-json\/wp\/v2\/comments?post=33435"}],"version-history":[{"count":1,"href":"https:\/\/sertv.gob.pa\/crisolfm\/wp-json\/wp\/v2\/posts\/33435\/revisions"}],"predecessor-version":[{"id":33437,"href":"https:\/\/sertv.gob.pa\/crisolfm\/wp-json\/wp\/v2\/posts\/33435\/revisions\/33437"}],"wp:featuredmedia":[{"embeddable":true,"href":"https:\/\/sertv.gob.pa\/crisolfm\/wp-json\/wp\/v2\/media\/33436"}],"wp:attachment":[{"href":"https:\/\/sertv.gob.pa\/crisolfm\/wp-json\/wp\/v2\/media?parent=33435"}],"wp:term":[{"taxonomy":"category","embeddable":true,"href":"https:\/\/sertv.gob.pa\/crisolfm\/wp-json\/wp\/v2\/categories?post=33435"},{"taxonomy":"post_tag","embeddable":true,"href":"https:\/\/sertv.gob.pa\/crisolfm\/wp-json\/wp\/v2\/tags?post=33435"}],"curies":[{"name":"wp","href":"https:\/\/api.w.org\/{rel}","templated":true}]}}