{"id":33438,"date":"2020-10-01T13:53:10","date_gmt":"2020-10-01T13:53:10","guid":{"rendered":"https:\/\/sertv.gob.pa\/crisolfm\/?p=33438"},"modified":"2020-10-01T13:53:10","modified_gmt":"2020-10-01T13:53:10","slug":"micultura-y-fundacion-fae-firman-convenio-de-formacion-y-fomento","status":"publish","type":"post","link":"https:\/\/sertv.gob.pa\/crisolfm\/micultura-y-fundacion-fae-firman-convenio-de-formacion-y-fomento\/","title":{"rendered":"MiCultura y Fundaci\u00f3n Fae firman convenio de formaci\u00f3n y fomento"},"content":{"rendered":"<p>El Ministerio de Cultura (MiCultura) y la Fundaci\u00f3n Pro Artes Esc\u00e9nicas y Audiovisuales (Fae) firmaron un convenio para el impulso de proyectos desde la plataforma en l\u00ednea del 13\u00ba Festival de Cine \u00cdcaro Panam\u00e1, as\u00ed como el apoyo y difusi\u00f3n de talleres de actualizaci\u00f3n cinematogr\u00e1fica y el desarrollo de un programa Fomento de la Memoria Audiovisual.<\/p>\n<p>Correspondi\u00f3 al Ministro de Cultura, Carlos Aguilar Navarro, junto con Enrique King, presidente de la Fundaci\u00f3n Fae firmar el documento que busca robustecer y facultar de forma virtual a los creadores cinematogr\u00e1ficos con exposiciones especializadas y capacitaciones a trav\u00e9s de plataformas y aplicaciones de internet con el prop\u00f3sito de provocar el debate y el tr\u00e1fico te\u00f3rico y pr\u00e1ctico entre los participantes del festival \u00cdcaro Panam\u00e1 en L\u00ednea.<\/p>\n<p>Para el Ministerio de Cultura es importante apoyar festivales que distinguen nuestro cine, as\u00ed como la promoci\u00f3n y protecci\u00f3n de las expresiones culturales de Panam\u00e1 y Centroam\u00e9rica, explic\u00f3 el ministro Aguilar Navarro.<\/p>\n<p>A trav\u00e9s de una alianza con el Centro de Formaci\u00f3n y Capacitaci\u00f3n del GECU de la Universidad de Panam\u00e1, se desarrollar\u00e1n 5 talleres en l\u00ednea que permitan mejorar, profundizar o iniciarse en una determinada t\u00e9cnica, a trav\u00e9s de un plan de becas que otorguen al gremio el mayor aprovechamiento dada la situaci\u00f3n sanitaria actual que est\u00e1 viviendo nuestro pa\u00eds.<\/p>\n<p>En cuanto al proyecto de fomento a la memoria audiovisual, se dar\u00e1 continuidad a los procesos de recuperaci\u00f3n y para frenar el deterioro del material f\u00edlmico que se halla en estado de riesgo en las instalaciones del Grupo Experimental de Cine Universitario (GECU), que tiene m\u00e1s de trescientos rollos en procesos qu\u00edmicos destructivos y que se debe considerar su urgente limpieza, inventariado y preservaci\u00f3n, para as\u00ed poder ingresar este acervo a la b\u00f3veda principal, y poder garantizar mayor durabilidad.<\/p>\n<p>Con la firma del convenio, MiCultura reafirma la trascendencia primordial de estos proyectos que fortalecen el acervo audiovisual paname\u00f1o, y exhorta a otras instituciones p\u00fablicas o privadas a sumarse a los esfuerzos de promoci\u00f3n de actividades que rescaten la memoria audiovisual del pa\u00eds.<\/p>\n<p>Fuente:\u00a0 MiCultura<\/p>\n","protected":false},"excerpt":{"rendered":"<p>El Ministerio de Cultura (MiCultura) y la Fundaci\u00f3n Pro Artes <a href=\"https:\/\/sertv.gob.pa\/crisolfm\/micultura-y-fundacion-fae-firman-convenio-de-formacion-y-fomento\/\"> [&#8230;]<\/a><\/p>\n","protected":false},"author":64,"featured_media":33439,"comment_status":"closed","ping_status":"closed","sticky":false,"template":"","format":"standard","meta":{"footnotes":""},"categories":[6],"tags":[],"class_list":["post-33438","post","type-post","status-publish","format-standard","has-post-thumbnail","hentry","category-culturales"],"_links":{"self":[{"href":"https:\/\/sertv.gob.pa\/crisolfm\/wp-json\/wp\/v2\/posts\/33438","targetHints":{"allow":["GET"]}}],"collection":[{"href":"https:\/\/sertv.gob.pa\/crisolfm\/wp-json\/wp\/v2\/posts"}],"about":[{"href":"https:\/\/sertv.gob.pa\/crisolfm\/wp-json\/wp\/v2\/types\/post"}],"author":[{"embeddable":true,"href":"https:\/\/sertv.gob.pa\/crisolfm\/wp-json\/wp\/v2\/users\/64"}],"replies":[{"embeddable":true,"href":"https:\/\/sertv.gob.pa\/crisolfm\/wp-json\/wp\/v2\/comments?post=33438"}],"version-history":[{"count":1,"href":"https:\/\/sertv.gob.pa\/crisolfm\/wp-json\/wp\/v2\/posts\/33438\/revisions"}],"predecessor-version":[{"id":33440,"href":"https:\/\/sertv.gob.pa\/crisolfm\/wp-json\/wp\/v2\/posts\/33438\/revisions\/33440"}],"wp:featuredmedia":[{"embeddable":true,"href":"https:\/\/sertv.gob.pa\/crisolfm\/wp-json\/wp\/v2\/media\/33439"}],"wp:attachment":[{"href":"https:\/\/sertv.gob.pa\/crisolfm\/wp-json\/wp\/v2\/media?parent=33438"}],"wp:term":[{"taxonomy":"category","embeddable":true,"href":"https:\/\/sertv.gob.pa\/crisolfm\/wp-json\/wp\/v2\/categories?post=33438"},{"taxonomy":"post_tag","embeddable":true,"href":"https:\/\/sertv.gob.pa\/crisolfm\/wp-json\/wp\/v2\/tags?post=33438"}],"curies":[{"name":"wp","href":"https:\/\/api.w.org\/{rel}","templated":true}]}}