{"id":33465,"date":"2020-10-01T17:55:18","date_gmt":"2020-10-01T17:55:18","guid":{"rendered":"https:\/\/sertv.gob.pa\/crisolfm\/?p=33465"},"modified":"2020-10-01T17:55:18","modified_gmt":"2020-10-01T17:55:18","slug":"bogota-apunta-a-la-cultura-como-un-factor-de-cambio-ambiental-y-sostenible","status":"publish","type":"post","link":"https:\/\/sertv.gob.pa\/crisolfm\/bogota-apunta-a-la-cultura-como-un-factor-de-cambio-ambiental-y-sostenible\/","title":{"rendered":"Bogot\u00e1 apunta a la cultura como un factor de cambio ambiental y sostenible"},"content":{"rendered":"<p>La Alcald\u00eda de Bogot\u00e1 apunta a la cultura como un factor de cambio sostenible para convertir espacios como teatros, planetarios y escenarios para conciertos en zonas amigables con el medio ambiente, dijeron este mi\u00e9rcoles autoridades en la inauguraci\u00f3n del \u00abI Foro Internacional Respira el Arte\u00bb.<\/p>\n<p>\u00abQue cada cosa que hagamos tenga una manera, ese poder extraordinario que tiene el arte y la cultura de hacer transformaci\u00f3n emocional y cultural masiva\u00bb, expres\u00f3 la alcaldesa Claudia L\u00f3pez.<\/p>\n<p>La funcionaria valor\u00f3 la necesidad de que este cambio llegue a \u00abescala masiva\u00bb y no se desaproveche ni \u00abun solo foro, evento, escenario, una sola oportunidad, para avanzar en esa direcci\u00f3n\u00bb.<\/p>\n<p>En la jornada particip\u00f3 el Grupo Krash, que utilizando conos de tr\u00e1nsito, canecas pl\u00e1sticas y se\u00f1ales de tr\u00e1fico como instrumentos de percusi\u00f3n, interpret\u00f3 su \u00abSinfon\u00eda Urbana\u00bb.<\/p>\n<p>INTERCONEXI\u00d3N ENTRE CULTURA Y MEDIO AMBIENTE<\/p>\n<p>La iniciativa de la Alcald\u00eda, liderada por el Instituto Distrital de las Artes (Idartes), busca que escenarios como el Centro Cultural del Teatro Jorge Eli\u00e9cer Gait\u00e1n o el Planetario de Bogot\u00e1 \u00abempiecen un camino que los conduzca a aportar en la disminuci\u00f3n de la huella de carbono y en la construcci\u00f3n de relaciones amigables con el medio ambiente y m\u00e1s cercanas con los artistas y los ciudadanos\u00bb.<\/p>\n<p>De la iniciativa tambi\u00e9n har\u00e1n parte otros espacios culturales como el Teatro al Aire Libre La Media Torta, el Teatro El Parque, el Escenario M\u00f3vil, Plataforma Bogot\u00e1, El Parqueadero, la Cinemateca de Bogot\u00e1 y la Galer\u00eda Santa Fe.<\/p>\n<p>El secretario de Cultura de Bogot\u00e1, Nicol\u00e1s Montero, manifest\u00f3 durante el foro que \u00abesto es una se\u00f1al en el camino en la que decimos que los lenguajes se tienen que interconectar\u00bb.<\/p>\n<p>\u00abMe parece que hoy es un d\u00eda muy especial, este foro es muy especial y tiene una reflexi\u00f3n de futuro, de sociedad y de ese nuevo contrato social en el cual la noci\u00f3n del cuidado debe ser m\u00e1s org\u00e1nica\u00bb, a\u00f1adi\u00f3 el secretario.<\/p>\n<p>La directora de Idartes, Catalina Valencia, manifest\u00f3 que una propuesta para conseguirlo es la creaci\u00f3n de \u00abuna red internacional de escenarios sustentables, es decir que estemos conectados con la agenda global y las conversaciones coyunturales\u00bb.<\/p>\n<p>\u00abUn tema central es el medio ambiente y el nuevo contrato social y ambiental para la Bogot\u00e1 del siglo XXI, que tiene que hablar desde las artes. Las artes y la cultura siempre se han utilizado como el medio para comunicar las campa\u00f1as o las transformaciones, pero realmente sentimos que nosotros somos parte del cambio cultural\u00bb, expres\u00f3.<\/p>\n<p>Fuente:\u00a0 EFE<\/p>\n","protected":false},"excerpt":{"rendered":"<p>La Alcald\u00eda de Bogot\u00e1 apunta a la cultura como un <a href=\"https:\/\/sertv.gob.pa\/crisolfm\/bogota-apunta-a-la-cultura-como-un-factor-de-cambio-ambiental-y-sostenible\/\"> [&#8230;]<\/a><\/p>\n","protected":false},"author":64,"featured_media":33466,"comment_status":"closed","ping_status":"closed","sticky":false,"template":"","format":"standard","meta":{"footnotes":""},"categories":[6],"tags":[],"class_list":["post-33465","post","type-post","status-publish","format-standard","has-post-thumbnail","hentry","category-culturales"],"_links":{"self":[{"href":"https:\/\/sertv.gob.pa\/crisolfm\/wp-json\/wp\/v2\/posts\/33465","targetHints":{"allow":["GET"]}}],"collection":[{"href":"https:\/\/sertv.gob.pa\/crisolfm\/wp-json\/wp\/v2\/posts"}],"about":[{"href":"https:\/\/sertv.gob.pa\/crisolfm\/wp-json\/wp\/v2\/types\/post"}],"author":[{"embeddable":true,"href":"https:\/\/sertv.gob.pa\/crisolfm\/wp-json\/wp\/v2\/users\/64"}],"replies":[{"embeddable":true,"href":"https:\/\/sertv.gob.pa\/crisolfm\/wp-json\/wp\/v2\/comments?post=33465"}],"version-history":[{"count":1,"href":"https:\/\/sertv.gob.pa\/crisolfm\/wp-json\/wp\/v2\/posts\/33465\/revisions"}],"predecessor-version":[{"id":33467,"href":"https:\/\/sertv.gob.pa\/crisolfm\/wp-json\/wp\/v2\/posts\/33465\/revisions\/33467"}],"wp:featuredmedia":[{"embeddable":true,"href":"https:\/\/sertv.gob.pa\/crisolfm\/wp-json\/wp\/v2\/media\/33466"}],"wp:attachment":[{"href":"https:\/\/sertv.gob.pa\/crisolfm\/wp-json\/wp\/v2\/media?parent=33465"}],"wp:term":[{"taxonomy":"category","embeddable":true,"href":"https:\/\/sertv.gob.pa\/crisolfm\/wp-json\/wp\/v2\/categories?post=33465"},{"taxonomy":"post_tag","embeddable":true,"href":"https:\/\/sertv.gob.pa\/crisolfm\/wp-json\/wp\/v2\/tags?post=33465"}],"curies":[{"name":"wp","href":"https:\/\/api.w.org\/{rel}","templated":true}]}}