{"id":3348,"date":"2015-10-02T15:55:25","date_gmt":"2015-10-02T15:55:25","guid":{"rendered":""},"modified":"2015-10-02T15:55:25","modified_gmt":"2015-10-02T15:55:25","slug":"la-ue-prohibe-comerciar-con-productos-de-foca","status":"publish","type":"post","link":"https:\/\/sertv.gob.pa\/crisolfm\/la-ue-prohibe-comerciar-con-productos-de-foca\/","title":{"rendered":"La UE proh\u00edbe comerciar con productos de foca"},"content":{"rendered":"<p>\nLos pa\u00edses de la Uni\u00f3n Europea (UE) aprobaron ayer las nuevas normas que refuerzan la prohibici\u00f3n de comerciar con productos de foca, al eliminar una de las dos excepciones que se aplicaban a esta regla en el bloque comunitario. <\/p>\n<p>&lsquo;La excepci\u00f3n para (el comercio de) productos hechos con focas derivados de la caza efectuada para gestionar de forma sostenible los recursos marinos ha sido eliminada&#8217;, inform\u00f3 el Consejo de la UE en un comunicado. Las nuevas normas reconocen, sin embargo, que esto puede crear ciertos problemas en algunos Estados miembros e indican que esto se tendr\u00e1 en cuenta a la hora de analizar el cumplimiento de la legislaci\u00f3n en un futuro. <\/p>\n<p>La segunda excepci\u00f3n existente en la Uni\u00f3n Europa es la que permite cazar focas a la comunidad inuit, los abor\u00edgenes del \u00c1rtico que antiguamente se conoc\u00edan como esquimales, ya que su modo de vida depende en buena medida de esta pr\u00e1ctica. En este caso, se ha \u00abaclarado\u00bb el alcance de esta excepci\u00f3n, de manera que para que la caza de foca y el comercio de productos derivados de \u00e9sta puedan acogerse a la misma tendr\u00e1n que cumplir tres criterios. <\/p>\n<p>En concreto, tendr\u00e1 que demostrarse que esta actividad se ha hecho tradicionalmente por la comunidad inuit en cuesti\u00f3n y que se lleva a cabo para contribuir a la subsistencia de la misma, no por razones primordialmente comerciales. Adem\u00e1s, la caza deber\u00e1 efectuarse teniendo en cuenta la &lsquo;consideraci\u00f3n debida hacia el bienestar animal&#8217;, teniendo en cuenta el modo de vida de la comunidad y el prop\u00f3sito de su subsistencia. <\/p>\n<p>\u00a0 <\/p>\n<p>\u00a0 <\/p>\n","protected":false},"excerpt":{"rendered":"<p>Los pa\u00edses de la Uni\u00f3n Europea (UE) aprobaron ayer las <a href=\"https:\/\/sertv.gob.pa\/crisolfm\/la-ue-prohibe-comerciar-con-productos-de-foca\/\"> [&#8230;]<\/a><\/p>\n","protected":false},"author":1,"featured_media":3349,"comment_status":"closed","ping_status":"closed","sticky":false,"template":"","format":"standard","meta":{"footnotes":""},"categories":[7],"tags":[],"class_list":["post-3348","post","type-post","status-publish","format-standard","has-post-thumbnail","hentry","category-ecologicas"],"_links":{"self":[{"href":"https:\/\/sertv.gob.pa\/crisolfm\/wp-json\/wp\/v2\/posts\/3348","targetHints":{"allow":["GET"]}}],"collection":[{"href":"https:\/\/sertv.gob.pa\/crisolfm\/wp-json\/wp\/v2\/posts"}],"about":[{"href":"https:\/\/sertv.gob.pa\/crisolfm\/wp-json\/wp\/v2\/types\/post"}],"author":[{"embeddable":true,"href":"https:\/\/sertv.gob.pa\/crisolfm\/wp-json\/wp\/v2\/users\/1"}],"replies":[{"embeddable":true,"href":"https:\/\/sertv.gob.pa\/crisolfm\/wp-json\/wp\/v2\/comments?post=3348"}],"version-history":[{"count":0,"href":"https:\/\/sertv.gob.pa\/crisolfm\/wp-json\/wp\/v2\/posts\/3348\/revisions"}],"wp:featuredmedia":[{"embeddable":true,"href":"https:\/\/sertv.gob.pa\/crisolfm\/wp-json\/wp\/v2\/media\/3349"}],"wp:attachment":[{"href":"https:\/\/sertv.gob.pa\/crisolfm\/wp-json\/wp\/v2\/media?parent=3348"}],"wp:term":[{"taxonomy":"category","embeddable":true,"href":"https:\/\/sertv.gob.pa\/crisolfm\/wp-json\/wp\/v2\/categories?post=3348"},{"taxonomy":"post_tag","embeddable":true,"href":"https:\/\/sertv.gob.pa\/crisolfm\/wp-json\/wp\/v2\/tags?post=3348"}],"curies":[{"name":"wp","href":"https:\/\/api.w.org\/{rel}","templated":true}]}}