{"id":33500,"date":"2020-10-02T14:53:10","date_gmt":"2020-10-02T14:53:10","guid":{"rendered":"https:\/\/sertv.gob.pa\/crisolfm\/?p=33500"},"modified":"2020-10-02T14:53:10","modified_gmt":"2020-10-02T14:53:10","slug":"la-batuta-de-gustavo-dudamel-ya-forma-parte-del-gran-teatro-del-liceu","status":"publish","type":"post","link":"https:\/\/sertv.gob.pa\/crisolfm\/la-batuta-de-gustavo-dudamel-ya-forma-parte-del-gran-teatro-del-liceu\/","title":{"rendered":"La batuta de Gustavo Dudamel ya forma parte del Gran Teatro del Liceu"},"content":{"rendered":"<p>En 2007 particip\u00f3 en la conmemoraci\u00f3n del cumplea\u00f1os del papa Benedicto XVI; ha sido el director m\u00e1s joven al frente de la orquesta Filarm\u00f3nica de Viena y este jueves, Gustavo Dudamel, en tiempos de pandemia y aforos restringidos, ha debutado en el Gran Teatro del Liceu, aplaudido y aplaudiendo.<\/p>\n<p>Durante casi tres horas, ha dirigido sin mascarilla la versi\u00f3n concierto de \u00abIl trovatore\u00bb, de Verdi, con un reparto formado por Rachel Willis-S\u00f8rensen -en el rol de Leonora, despu\u00e9s de que cayera del cartel la soprano rusa Anna Netrebko, convaleciente de COVID-19- Yusif Eyvazov, Ludovic T\u00e9zier, Okka von der Damerau, Dmitry Belosselskiy y Mercedes Gancedo.<\/p>\n<p>Nada se le resiste al carism\u00e1tico venezolano, quien, tambi\u00e9n por primera vez, ha movido la batuta al son de los acordes de la emblem\u00e1tica obra de Verdi, que contiene algunos de los momentos musicales m\u00e1s memorables del compositor italiano en un teatro, esta noche en Barcelona con la mitad de su aforo, 1.144 butacas.<\/p>\n<p>Puntual, protegido por una peque\u00f1a mampara, pronto su rizada cabellera, ya canosa, se ha movido en el foso, mientras con los brazos daba inicio a una obra que tiene como primera palabra \u00abAlerta\u00bb, algo que en el actual momento no deja indiferente.<\/p>\n<p>\u00d3pera de cuatro actos, el primero en llevarse los aplausos del respetable ha sido el bar\u00edtono franc\u00e9s Ludovic T\u00e9zier, en el papel de conde de Luna, mucho m\u00e1s suelto que Rachel Willis-S\u00f8rensen, pero no debe ser f\u00e1cil sustituir en el dif\u00edcil rol de Leonora a la gran diva de la \u00f3pera actual, con piezas m\u00e1s que exigentes para una soprano como \u00abD&#8217;amor sull&#8217;ali rosee\u00bb, en el cuarto acto.<\/p>\n<p>El tenor Yusif Eyvazov ha sido otro de los protagonistas de la noche con varios momentos en los que ha sido ovacionado y ha o\u00eddo bravos, mientras que la mezzosoprano Okka von der Damerau, transformada en la gitana Azucena tambi\u00e9n ha contado con el apoyo del p\u00fablico cuando ha aparecido en escena.<\/p>\n<p>Sin embargo, el nombre de la noche ha sido, indiscutiblemente, Gustavo Dudamel, tal como ha quedado claro al terminar la representaci\u00f3n y dejar el foso para subir al escenario, donde tambi\u00e9n ha sido reconocido el trabajo de la Orquesta del Gran Teatro del Liceu y del Coro, dirigido por Conxita Garc\u00eda.<\/p>\n<p>Durante la funci\u00f3n, asimismo, ha quedado patente que Dudamel no solo dirige con todo su cuerpo, sino que arropa hasta donde puede a m\u00fasicos y cantantes, con los ojos fijos en \u00e9l durante la velada.<\/p>\n<p>En un momento en el que nada es como antes, con una Rambla sin turistas ni aglomeraciones en la Boquer\u00eda, los 1.144 afortunados que han podido asistir al concierto, de rigurosa mascarilla, han accedido al coliseo oper\u00edstico tras formar parte de una ordenada cola, sortear unas vallas en la entrada y lavarse las manos con un gel hidralcoh\u00f3lico.<\/p>\n<p>Sin que se hayan dado cuenta, en ese momento un aparato les ha tomado la temperatura, y ya han podido ir en busca de sus asientos, desde los que, antes de empezar a sonar la m\u00fasica, una grabaci\u00f3n les ha recordado todas las medidas que hay que seguir en \u00e9poca de virus.<\/p>\n<p>Todas estas medidas ya se pusieron en pr\u00e1ctica el pasado d\u00eda 27 cuando el Liceu reabri\u00f3 puertas con un concierto extraordinario de la soprano Sondra Radvanovsky y el tenor Piotr Beczala.<\/p>\n<p>Luego, de forma m\u00e1s que ordenada, la salida ha vuelto a ser escalonada, mientras en el coso oper\u00edstico se iniciaba una operaci\u00f3n limpieza para dejar el teatro como una patena.<\/p>\n<p>El pr\u00f3ximo domingo, Gustavo Dudamel volver\u00e1 a ponerse al frente de la Orquesta Sinf\u00f3nica del Liceu, en una audici\u00f3n en la que se espera la presencia del ministro de Cultura, Jos\u00e9 Manuel Rodr\u00edguez Uribes.<\/p>\n<p>&nbsp;<\/p>\n<p>Fuente:\u00a0\u00a0 EFE<\/p>\n<p>&nbsp;<\/p>\n","protected":false},"excerpt":{"rendered":"<p>En 2007 particip\u00f3 en la conmemoraci\u00f3n del cumplea\u00f1os del papa <a href=\"https:\/\/sertv.gob.pa\/crisolfm\/la-batuta-de-gustavo-dudamel-ya-forma-parte-del-gran-teatro-del-liceu\/\"> [&#8230;]<\/a><\/p>\n","protected":false},"author":64,"featured_media":33501,"comment_status":"closed","ping_status":"closed","sticky":false,"template":"","format":"standard","meta":{"footnotes":""},"categories":[6],"tags":[],"class_list":["post-33500","post","type-post","status-publish","format-standard","has-post-thumbnail","hentry","category-culturales"],"_links":{"self":[{"href":"https:\/\/sertv.gob.pa\/crisolfm\/wp-json\/wp\/v2\/posts\/33500","targetHints":{"allow":["GET"]}}],"collection":[{"href":"https:\/\/sertv.gob.pa\/crisolfm\/wp-json\/wp\/v2\/posts"}],"about":[{"href":"https:\/\/sertv.gob.pa\/crisolfm\/wp-json\/wp\/v2\/types\/post"}],"author":[{"embeddable":true,"href":"https:\/\/sertv.gob.pa\/crisolfm\/wp-json\/wp\/v2\/users\/64"}],"replies":[{"embeddable":true,"href":"https:\/\/sertv.gob.pa\/crisolfm\/wp-json\/wp\/v2\/comments?post=33500"}],"version-history":[{"count":1,"href":"https:\/\/sertv.gob.pa\/crisolfm\/wp-json\/wp\/v2\/posts\/33500\/revisions"}],"predecessor-version":[{"id":33502,"href":"https:\/\/sertv.gob.pa\/crisolfm\/wp-json\/wp\/v2\/posts\/33500\/revisions\/33502"}],"wp:featuredmedia":[{"embeddable":true,"href":"https:\/\/sertv.gob.pa\/crisolfm\/wp-json\/wp\/v2\/media\/33501"}],"wp:attachment":[{"href":"https:\/\/sertv.gob.pa\/crisolfm\/wp-json\/wp\/v2\/media?parent=33500"}],"wp:term":[{"taxonomy":"category","embeddable":true,"href":"https:\/\/sertv.gob.pa\/crisolfm\/wp-json\/wp\/v2\/categories?post=33500"},{"taxonomy":"post_tag","embeddable":true,"href":"https:\/\/sertv.gob.pa\/crisolfm\/wp-json\/wp\/v2\/tags?post=33500"}],"curies":[{"name":"wp","href":"https:\/\/api.w.org\/{rel}","templated":true}]}}