{"id":33504,"date":"2020-10-02T15:24:20","date_gmt":"2020-10-02T15:24:20","guid":{"rendered":"https:\/\/sertv.gob.pa\/crisolfm\/?p=33504"},"modified":"2020-10-02T15:24:20","modified_gmt":"2020-10-02T15:24:20","slug":"inteligencia-para-la-vida-el-pabellon-de-espana-en-la-expo-dubai-2020","status":"publish","type":"post","link":"https:\/\/sertv.gob.pa\/crisolfm\/inteligencia-para-la-vida-el-pabellon-de-espana-en-la-expo-dubai-2020\/","title":{"rendered":"\u00abInteligencia para la vida\u00bb, el pabell\u00f3n de Espa\u00f1a en la Expo Dub\u00e1i 2020"},"content":{"rendered":"<p>Tras aplazarse un a\u00f1o por la COVID-19 comienza la cuenta atr\u00e1s para la inauguraci\u00f3n de \u00abInteligencia para la vida\u00bb, el pabell\u00f3n de Espa\u00f1a en la Expo Dub\u00e1i 2020 que se inaugurar\u00e1 justo dentro de un a\u00f1o, en octubre de 2021, bajo el tema \u00abConectar mentes, construir el futuro\u00bb.<\/p>\n<p>La Expo Dub\u00e1i 2020 -la organizaci\u00f3n de la Expo mantiene el a\u00f1o 2020 en la denominaci\u00f3n de la misma- abrir\u00e1 sus puertas casi un a\u00f1o m\u00e1s tarde de lo previsto debido a la pandemia, una muestra a la que Espa\u00f1a comprometi\u00f3 su participaci\u00f3n por ser un gran escaparate para la cultura del pa\u00eds, adem\u00e1s de una plataforma para la diplomacia empresarial, cient\u00edfica y tecnol\u00f3gica.<\/p>\n<p>\u00abUna ocasi\u00f3n \u00fanica para reflexionar juntos sobre un futuro m\u00e1s comprometido con el bienestar de todos y en mejor equilibro con nuestro entorno\u00bb, seg\u00fan explica Acci\u00f3n Cultural Espa\u00f1ola en una nota de prensa.<\/p>\n<p>Expo Dub\u00e1i 2020, que tiene previsto reunir a m\u00e1s de 200 participantes y atraer a m\u00e1s de 25 millones de visitantes hasta su cierre el 31 de marzo de 2022, ser\u00e1 la primera exposici\u00f3n universal que acoge un pa\u00eds \u00e1rabe y la regi\u00f3n de Oriente Medio.<\/p>\n<p>En esta exposici\u00f3n universal, el Pabell\u00f3n de Espa\u00f1a, con el lema \u00abInteligencia para la vida\u00bb, sintetizar\u00e1 \u00abnuestro ingenio, capacidad de innovaci\u00f3n y nuestro af\u00e1n por preservar una buena calidad de vida en el planeta, para nosotros y las generaciones venideras\u00bb.<\/p>\n<p>El pabell\u00f3n de Espa\u00f1a, que contar\u00e1 con una superficie de unos 5.800 metros cuadrados y aspira a recibir a unos 2,5 millones de visitantes durante 172 d\u00edas, estar\u00e1 situado en el \u00e1rea tem\u00e1tica correspondiente a la sostenibilidad, cercano a las que sin duda ser\u00e1n algunas de las mayores atracciones del recinto, como son la plaza Al Wasal o el Pabell\u00f3n de los EAU.<\/p>\n<p>El proyecto arquitect\u00f3nico del pabell\u00f3n, encomendado al estudio Amann-C\u00e1novas-Maruri (Temperaturas Extremas Arquitectos S.L.P.), destaca por sus criterios de sostenibilidad, fundamentales en el \u00e1rea tem\u00e1tica en el que estar\u00e1 ubicado y su dise\u00f1o basado en el reciclaje de todos sus materiales.<\/p>\n<p>El pabell\u00f3n da protagonismo a una gran plaza cubierta por una serie de vol\u00famenes c\u00f3nicos que, revestidos de diversos materiales. \u00abEl perfil de conos enlaza el mundo \u00e1rabe y espa\u00f1ol en un espacio que refresca y protege del sol, a la vez que ofrece una imagen potente y reconocible\u00bb\u00bb, explican desde el estudio Amann-C\u00e1novas-Maruri.<\/p>\n<p>El dise\u00f1o expositivo del pabell\u00f3n espa\u00f1ol acoger\u00e1 dos \u00e1reas dise\u00f1adas por External Reference y Onionlab. Una de ellas, llamada Destellos, compuesta por una serie de instalaciones que muestran algunas aportaciones espa\u00f1olas a la cultura universal y realzan nuestra relaci\u00f3n cultural con el mundo \u00e1rabe.<\/p>\n<p>Y la otra, denominada el Bosque de la Inteligencia, en la planta enterrada, \u00abes una galer\u00eda que remite a nuestra rica biodiversidad\u00bb, hab explicado en la nota.<\/p>\n<p>La instalaci\u00f3n art\u00edstica correr\u00e1 a cargo de Daniel Canogar que ha creado un Atrio, la zona de acceso del Pabell\u00f3n, titulada Dinamo.<\/p>\n<p>\u00abLos visitantes activar\u00e1n la animaci\u00f3n abstracta sobre las pantallas, inmersos en un paisaje ac\u00fastico creado por el artista sonoro Francisco L\u00f3pez\u00bb, explica Daniel Canogar.<\/p>\n<p>El proyecto cinematogr\u00e1fico en el teatro mostrar\u00e1 \u00abLuna de agosto\u00bb, una pel\u00edcula sobre Espa\u00f1a dirigida por Nacho Vigalondo.<\/p>\n<p>El Pabell\u00f3n de Espa\u00f1a ha convocado un Torneo Mundial de Ajedrez Escolar por Internet dirigido a los centros educativos, con alumnos con edades comprendidas entre los 14 y los 16 a\u00f1os, de los pa\u00edses participantes en la Exposici\u00f3n Universal.<\/p>\n<p>&nbsp;<\/p>\n<p>Fuente:\u00a0 EFE<\/p>\n<p>&nbsp;<\/p>\n","protected":false},"excerpt":{"rendered":"<p>Tras aplazarse un a\u00f1o por la COVID-19 comienza la cuenta <a href=\"https:\/\/sertv.gob.pa\/crisolfm\/inteligencia-para-la-vida-el-pabellon-de-espana-en-la-expo-dubai-2020\/\"> [&#8230;]<\/a><\/p>\n","protected":false},"author":64,"featured_media":33505,"comment_status":"closed","ping_status":"closed","sticky":false,"template":"","format":"standard","meta":{"footnotes":""},"categories":[6],"tags":[],"class_list":["post-33504","post","type-post","status-publish","format-standard","has-post-thumbnail","hentry","category-culturales"],"_links":{"self":[{"href":"https:\/\/sertv.gob.pa\/crisolfm\/wp-json\/wp\/v2\/posts\/33504","targetHints":{"allow":["GET"]}}],"collection":[{"href":"https:\/\/sertv.gob.pa\/crisolfm\/wp-json\/wp\/v2\/posts"}],"about":[{"href":"https:\/\/sertv.gob.pa\/crisolfm\/wp-json\/wp\/v2\/types\/post"}],"author":[{"embeddable":true,"href":"https:\/\/sertv.gob.pa\/crisolfm\/wp-json\/wp\/v2\/users\/64"}],"replies":[{"embeddable":true,"href":"https:\/\/sertv.gob.pa\/crisolfm\/wp-json\/wp\/v2\/comments?post=33504"}],"version-history":[{"count":1,"href":"https:\/\/sertv.gob.pa\/crisolfm\/wp-json\/wp\/v2\/posts\/33504\/revisions"}],"predecessor-version":[{"id":33506,"href":"https:\/\/sertv.gob.pa\/crisolfm\/wp-json\/wp\/v2\/posts\/33504\/revisions\/33506"}],"wp:featuredmedia":[{"embeddable":true,"href":"https:\/\/sertv.gob.pa\/crisolfm\/wp-json\/wp\/v2\/media\/33505"}],"wp:attachment":[{"href":"https:\/\/sertv.gob.pa\/crisolfm\/wp-json\/wp\/v2\/media?parent=33504"}],"wp:term":[{"taxonomy":"category","embeddable":true,"href":"https:\/\/sertv.gob.pa\/crisolfm\/wp-json\/wp\/v2\/categories?post=33504"},{"taxonomy":"post_tag","embeddable":true,"href":"https:\/\/sertv.gob.pa\/crisolfm\/wp-json\/wp\/v2\/tags?post=33504"}],"curies":[{"name":"wp","href":"https:\/\/api.w.org\/{rel}","templated":true}]}}