{"id":33508,"date":"2020-10-02T15:53:27","date_gmt":"2020-10-02T15:53:27","guid":{"rendered":"https:\/\/sertv.gob.pa\/crisolfm\/?p=33508"},"modified":"2020-10-02T15:53:27","modified_gmt":"2020-10-02T15:53:27","slug":"la-feria-del-libro-de-miami-se-pone-mascarilla-pregrabada-y-a-la-carta","status":"publish","type":"post","link":"https:\/\/sertv.gob.pa\/crisolfm\/la-feria-del-libro-de-miami-se-pone-mascarilla-pregrabada-y-a-la-carta\/","title":{"rendered":"La Feria del Libro de Miami se pone \u00abmascarilla\u00bb: pregrabada y a la carta"},"content":{"rendered":"<p>Miami estrenar\u00e1 el 15 de noviembre una Feria del Libro a prueba de la COVID-19. Ser\u00e1 pregrabada y a la carta, como un Netflix de novedades editoriales, entrevistas y conversaciones con autores de medio mundo. seg\u00fan dice Mariela Gal, directora de su importante programa en espa\u00f1ol.<\/p>\n<p>Las tres \u00abcosas buenas\u00bb de que el evento no sea en tiempo real son que \u00abevitamos que la gente corra hacia un evento determinado, tambi\u00e9n las cabecitas hablando en Zoom y, adem\u00e1s, quedan los archivos\u00bb, comenta Gal en una entrevista con Efe.<\/p>\n<p>Para salvar la imposibilidad de celebrar reuniones masivas sin riesgo de contagio, los organizadores de la Feria, que est\u00e1 ligada a la universidad Miami Dade College (MDC), decidieron grabar un paquete de programas bajo demanda y gratuitos a los que se accede simplemente registr\u00e1ndose y que puede ser visto hasta dos meses despu\u00e9s de terminado el evento.<\/p>\n<p>Gal subraya que este formato, lejos de estrechar los confines de la feria miamense, los ampl\u00eda.<\/p>\n<p>\u00abEn lugar de carpas de colores en la calle, estamos invitando a todas las librer\u00edas y editoriales de cualquier lugar del mundo a que tengan su espacio\u00bb, dice satisfecha con el plan de la trig\u00e9simo s\u00e9ptima edici\u00f3n, marcada, como casi todo, por la pandemia.<\/p>\n<p>Este a\u00f1o, que abre con una conversaci\u00f3n con el escritor espa\u00f1ol Javier Cercas (\u00abSoldados de Salamina\u00bb), hay menos autores que otras ediciones, aunque la calidad se mantiene, indica.<\/p>\n<p>Entre autores y conferencistas participar\u00e1n 73 personas, \u00abmientras por lo general todos los a\u00f1os tenemos cerca de 100\u00bb, se\u00f1ala Gal. Aunque no parece una bajada significativa, \u00abpara nosotros esta cantidad de menos es bastante\u00bb, asegura la especialista.<\/p>\n<p>La Feria se inaugura con una conversaci\u00f3n entre el narrador Javier Cercas y el escritor, editor, traductor y periodista mexicano Daniel Rodr\u00edguez Barr\u00f3n. El primero desde Barcelona y el segundo desde M\u00e9xico.<\/p>\n<p>Cercas, autor de la muy conocida novela hist\u00f3rica \u00abSoldados de Salamina\u00bb, presentar\u00e1 \u00abTerra alta\u00bb, un \u00abthriller impactante\u00bb, seg\u00fan la editorial Planeta, que en 2019 otorg\u00f3 el importante premio de igual nombre al narrador espa\u00f1ol.<\/p>\n<p>Gal adelant\u00f3 que se trata de conversaciones de entre media hora y 45 minutos, grabadas y despu\u00e9s terminadas en postproducci\u00f3n.<\/p>\n<p>Tambi\u00e9n se podr\u00e1 ver las presentaciones de dos novedades editoriales de las autoras espa\u00f1olas Rosa Montero y Almudena Grandes.<\/p>\n<p>La primera conversar\u00e1 con su editora Pilar Reyes acerca de la novela \u00abLa buena suerte\u00bb (Alfaguara), y la segunda hablar\u00e1 con su editor, Juan Cerezo, sobre \u00abLa madre de Frankestein\u00bb (Tusquets), la quinta entrega de la serie hist\u00f3rica \u00abEpisodios de una Guerra Interminable\u00bb.<\/p>\n<p>SE PUEDEN COMPRAR LOS LIBROS ONLINE<\/p>\n<p>Gal precis\u00f3 que, aunque no se ver\u00e1n este a\u00f1o las carpas de colores y el hervidero de gente rond\u00e1ndolas en el Downtown de Miami, las ventas de ejemplares continuar\u00e1n.<\/p>\n<p>\u00abAbajo (en la pantalla) hay un bot\u00f3n para comprar el libro a trav\u00e9s de Books &amp; Books\u00bb, remite Gal a esta librer\u00eda de Miami que cada a\u00f1o trabaja con la Feria.<\/p>\n<p>Fuente:\u00a0\u00a0 EFE<\/p>\n<p>&nbsp;<\/p>\n","protected":false},"excerpt":{"rendered":"<p>Miami estrenar\u00e1 el 15 de noviembre una Feria del Libro <a href=\"https:\/\/sertv.gob.pa\/crisolfm\/la-feria-del-libro-de-miami-se-pone-mascarilla-pregrabada-y-a-la-carta\/\"> [&#8230;]<\/a><\/p>\n","protected":false},"author":64,"featured_media":33509,"comment_status":"closed","ping_status":"closed","sticky":false,"template":"","format":"standard","meta":{"footnotes":""},"categories":[6],"tags":[],"class_list":["post-33508","post","type-post","status-publish","format-standard","has-post-thumbnail","hentry","category-culturales"],"_links":{"self":[{"href":"https:\/\/sertv.gob.pa\/crisolfm\/wp-json\/wp\/v2\/posts\/33508","targetHints":{"allow":["GET"]}}],"collection":[{"href":"https:\/\/sertv.gob.pa\/crisolfm\/wp-json\/wp\/v2\/posts"}],"about":[{"href":"https:\/\/sertv.gob.pa\/crisolfm\/wp-json\/wp\/v2\/types\/post"}],"author":[{"embeddable":true,"href":"https:\/\/sertv.gob.pa\/crisolfm\/wp-json\/wp\/v2\/users\/64"}],"replies":[{"embeddable":true,"href":"https:\/\/sertv.gob.pa\/crisolfm\/wp-json\/wp\/v2\/comments?post=33508"}],"version-history":[{"count":1,"href":"https:\/\/sertv.gob.pa\/crisolfm\/wp-json\/wp\/v2\/posts\/33508\/revisions"}],"predecessor-version":[{"id":33510,"href":"https:\/\/sertv.gob.pa\/crisolfm\/wp-json\/wp\/v2\/posts\/33508\/revisions\/33510"}],"wp:featuredmedia":[{"embeddable":true,"href":"https:\/\/sertv.gob.pa\/crisolfm\/wp-json\/wp\/v2\/media\/33509"}],"wp:attachment":[{"href":"https:\/\/sertv.gob.pa\/crisolfm\/wp-json\/wp\/v2\/media?parent=33508"}],"wp:term":[{"taxonomy":"category","embeddable":true,"href":"https:\/\/sertv.gob.pa\/crisolfm\/wp-json\/wp\/v2\/categories?post=33508"},{"taxonomy":"post_tag","embeddable":true,"href":"https:\/\/sertv.gob.pa\/crisolfm\/wp-json\/wp\/v2\/tags?post=33508"}],"curies":[{"name":"wp","href":"https:\/\/api.w.org\/{rel}","templated":true}]}}