{"id":33554,"date":"2020-10-05T14:56:41","date_gmt":"2020-10-05T14:56:41","guid":{"rendered":"https:\/\/sertv.gob.pa\/crisolfm\/?p=33554"},"modified":"2020-10-05T14:56:41","modified_gmt":"2020-10-05T14:56:41","slug":"el-disenador-kenzo-takada-fallece-en-paris-a-los-81-anos","status":"publish","type":"post","link":"https:\/\/sertv.gob.pa\/crisolfm\/el-disenador-kenzo-takada-fallece-en-paris-a-los-81-anos\/","title":{"rendered":"El dise\u00f1ador Kenzo Takada fallece en Par\u00eds a los 81 a\u00f1os"},"content":{"rendered":"<p>El dise\u00f1ador japon\u00e9s Kenzo Takada, fundador en los a\u00f1os 70 de la firma Kenzo, falleci\u00f3 este domingo en Neuilly-sur-Seine, a las afueras de Par\u00eds, a los 81 a\u00f1os, por una complicaci\u00f3n tras haber contra\u00eddo la COVID-19, inform\u00f3 un portavoz de su marca de decoraci\u00f3n K3.<\/p>\n<p>El creador, uno de los primeros japoneses en imponerse en la escena internacional con su marca, activa a\u00fan a d\u00eda de hoy dentro del grupo LVMH, muri\u00f3 en el Hospital Americano de Neuilly, a pocos kil\u00f3metros de la capital francesa.<\/p>\n<p>Reconocible por llevar siempre unas gafas de pasta negra y su corte de pelo a lo &#8216;gar\u00e7on&#8217;, que hab\u00eda retocado en los \u00faltimos a\u00f1os manteniendo a\u00fan un estilismo muy juvenil, Kenzo se retir\u00f3 de su firma en 1999 tras haber construido un imperio que abarca desde la ropa hasta los perfumes y otros productos de belleza.<\/p>\n<p>El estilista populariz\u00f3 los estampados gr\u00e1ficos y florales que a\u00fan hoy siguen definiendo la identidad de la marca, reina de un estilo colorista y urbano, y dirigida desde julio de 2019 por el dise\u00f1ador portugu\u00e9s Felipe Oliveira Baptista.<\/p>\n<p>\u00abBuen viaje, maestro. Me he enterado con gran tristeza del fallecimiento del se\u00f1or Kenzo Takada. Su fant\u00e1stica energ\u00eda, amabilidad, talento y sonrisa eran contagiosas. Su esp\u00edritu vivir\u00e1 para siempre\u00bb, escribi\u00f3 Baptista en Instagram junto a una foto del joven Kenzo.<\/p>\n<p>Aunque su firma qued\u00f3 en manos del grupo de Bernard Arnault, LVMH, Kenzo ha seguido sirviendo de asesor y consejero creativo en m\u00faltiples aspectos de su marca, aunque no pudo estar presente en el \u00faltimo desfile de la \u00abmaison\u00bb, este viernes en Par\u00eds, por encontrarse ya muy enfermo.<\/p>\n<p>\u00abEra muy fan de su marca cuando empez\u00f3. Creo que fue un gran dise\u00f1ador. Estoy muy triste. Era un tipo estupendo\u00bb, dijo el presidente y consejero delegado de LVMH, Sidney Toledano, a la revista especializada \u00abWWD\u00bb.<\/p>\n<p>Nacido en 1939 en Himeji, Jap\u00f3n, Kenzo ha presidido durante los \u00faltimos 50 a\u00f1os el altar de la moda por su legado en la industria.<\/p>\n<p>Tras graduarse en el Bunka Fashion Collegue Tokyo, se traslad\u00f3 a Par\u00eds en 1964, donde comenz\u00f3 su carrera vendiendo croquis a grandes dise\u00f1adores.<\/p>\n<p>Present\u00f3 su primer desfile en 1970 en la tienda de la Galerie Vivienne que acababa de abrir, dedicada a la ropa femenina y bautizada originalmente como \u00abJungle Jap\u00bb. M\u00e1s tarde le dio su propio y popularizado nombre.<\/p>\n<p>Trece a\u00f1os m\u00e1s tarde a\u00f1adi\u00f3 una l\u00ednea de hombre a su marca, y poco despu\u00e9s incluy\u00f3 perfumes y decoraci\u00f3n.<\/p>\n<p>Sus estampados coloridos, su esp\u00edritu multicultural y una cierta alegr\u00eda que supo introducir en la moda con sus espectaculares desfiles siguen siendo un ejemplo para los nuevos dise\u00f1adores.<\/p>\n<p>El a\u00f1o pasado celebr\u00f3 su 80 cumplea\u00f1os en la capital francesa con una fiesta en la que el c\u00f3digo de vestimenta era ir de dorado, y en la que mostr\u00f3 sus ganas de seguir disfrutando.<\/p>\n<p>En enero de este mismo a\u00f1o cre\u00f3 K3, una lujosa firma de decoraci\u00f3n de interiores en la que ahora estaba plenamente involucrado.<\/p>\n<p>&nbsp;<\/p>\n<p>Fuente:\u00a0 EFE<\/p>\n<p>&nbsp;<\/p>\n","protected":false},"excerpt":{"rendered":"<p>El dise\u00f1ador japon\u00e9s Kenzo Takada, fundador en los a\u00f1os 70 <a href=\"https:\/\/sertv.gob.pa\/crisolfm\/el-disenador-kenzo-takada-fallece-en-paris-a-los-81-anos\/\"> [&#8230;]<\/a><\/p>\n","protected":false},"author":64,"featured_media":33555,"comment_status":"closed","ping_status":"closed","sticky":false,"template":"","format":"standard","meta":{"footnotes":""},"categories":[6],"tags":[],"class_list":["post-33554","post","type-post","status-publish","format-standard","has-post-thumbnail","hentry","category-culturales"],"_links":{"self":[{"href":"https:\/\/sertv.gob.pa\/crisolfm\/wp-json\/wp\/v2\/posts\/33554","targetHints":{"allow":["GET"]}}],"collection":[{"href":"https:\/\/sertv.gob.pa\/crisolfm\/wp-json\/wp\/v2\/posts"}],"about":[{"href":"https:\/\/sertv.gob.pa\/crisolfm\/wp-json\/wp\/v2\/types\/post"}],"author":[{"embeddable":true,"href":"https:\/\/sertv.gob.pa\/crisolfm\/wp-json\/wp\/v2\/users\/64"}],"replies":[{"embeddable":true,"href":"https:\/\/sertv.gob.pa\/crisolfm\/wp-json\/wp\/v2\/comments?post=33554"}],"version-history":[{"count":1,"href":"https:\/\/sertv.gob.pa\/crisolfm\/wp-json\/wp\/v2\/posts\/33554\/revisions"}],"predecessor-version":[{"id":33556,"href":"https:\/\/sertv.gob.pa\/crisolfm\/wp-json\/wp\/v2\/posts\/33554\/revisions\/33556"}],"wp:featuredmedia":[{"embeddable":true,"href":"https:\/\/sertv.gob.pa\/crisolfm\/wp-json\/wp\/v2\/media\/33555"}],"wp:attachment":[{"href":"https:\/\/sertv.gob.pa\/crisolfm\/wp-json\/wp\/v2\/media?parent=33554"}],"wp:term":[{"taxonomy":"category","embeddable":true,"href":"https:\/\/sertv.gob.pa\/crisolfm\/wp-json\/wp\/v2\/categories?post=33554"},{"taxonomy":"post_tag","embeddable":true,"href":"https:\/\/sertv.gob.pa\/crisolfm\/wp-json\/wp\/v2\/tags?post=33554"}],"curies":[{"name":"wp","href":"https:\/\/api.w.org\/{rel}","templated":true}]}}