{"id":33559,"date":"2020-10-05T15:59:26","date_gmt":"2020-10-05T15:59:26","guid":{"rendered":"https:\/\/sertv.gob.pa\/crisolfm\/?p=33559"},"modified":"2020-10-05T15:59:26","modified_gmt":"2020-10-05T15:59:26","slug":"se-cumplen-11-anos-de-la-muerte-de-mercedes-sosa-la-llamada-voz-de-america","status":"publish","type":"post","link":"https:\/\/sertv.gob.pa\/crisolfm\/se-cumplen-11-anos-de-la-muerte-de-mercedes-sosa-la-llamada-voz-de-america\/","title":{"rendered":"Se cumplen 11 a\u00f1os de la muerte de Mercedes Sosa, la llamada \u00abVoz de Am\u00e9rica\u00bb"},"content":{"rendered":"<p>Argentina record\u00f3 este domingo a la m\u00e1xima exponente de su m\u00fasica folcl\u00f3rica, Mercedes Sosa (1935-2009), en el d\u00eda del und\u00e9cimo aniversario de su muerte a los 74 a\u00f1os en Buenos Aires.<\/p>\n<p>\u00abSiempre presente en el coraz\u00f3n de su pueblo\u00bb, dijo el Ministerio de Cultura del Gobierno de Alberto Fern\u00e1ndez en su cuenta de Twitter.<\/p>\n<p>Al tiempo, acompa\u00f1aron el mensaje con una parte de la letra de una de las m\u00e1s rememoradas canciones interpretadas por Mercedes Sosa, \u00abCanci\u00f3n con todos\u00bb, compuesta por Armando Tejada G\u00f3mez y C\u00e9sar Isella.<\/p>\n<p>\u00abSiento al caminar toda la piel de Am\u00e9rica en mi piel y anda en mi sangre un r\u00edo que libera en mi voz, su caudal\u00bb, fue la estrofa elegida por el Ministerio de Cultura para recordar a la artista.<\/p>\n<p>Mercedes Sosa (Tucum\u00e1n, 9\/7\/1935 &#8211; Buenos Aires, 4\/10\/2009), estar\u00e1 siempre presente en el coraz\u00f3n de su pueblo.<\/p>\n<p>Desde la Fundaci\u00f3n Mercedes Sosa escribieron en su cuenta de Twitter un breve mensaje para rememorarla, acompa\u00f1ado de una foto de la cantante sonriendo y tocando el tradicional bombo leg\u00fcero, instrumento de percusi\u00f3n propio de varios lugares de Am\u00e9rica Latina.<\/p>\n<p>\u00abA once a\u00f1os de tu partida, desde la Fundaci\u00f3n seguimos divulgando con orgullo tu patrimonio art\u00edstico\u00bb, indicaron.<\/p>\n<p>Al mismo tiempo, Sosa fue recordada tambi\u00e9n desde su lugar de nacimiento, la norte\u00f1a provincia de Tucum\u00e1n, donde lleg\u00f3 al mundo un 9 de julio, en coincidencia con el D\u00eda de la Independencia de Argentina.<\/p>\n<p>El gobernador de la provincia de Tucum\u00e1n, el peronista Juan Manzur, afirm\u00f3 en sus redes sociales que Sosa era \u00abuna de las voces populares m\u00e1s queridas de Argentina y Latinoam\u00e9rica\u00bb.<\/p>\n<p>\u00abFue una cantora humilde, apasionada y de un compromiso inquebrantable con las grandes causas sociales. Hoy los tucumanos la recordamos con inmenso orgullo\u00bb, recalc\u00f3.<\/p>\n<p>Sosa, tambi\u00e9n conocida como \u00abLa Negra\u00bb, fue la fundadora del movimiento del Nuevo Cancionero y ten\u00eda una marcada ideolog\u00eda de izquierda.<\/p>\n<p>Vivi\u00f3 exiliada en Europa durante tres a\u00f1os en la \u00faltima dictadura argentina (1976-1983) y muri\u00f3 de una insuficiencia renal a los 74 a\u00f1os.<\/p>\n<p>Fuente:\u00a0 EFE<\/p>\n","protected":false},"excerpt":{"rendered":"<p>Argentina record\u00f3 este domingo a la m\u00e1xima exponente de su <a href=\"https:\/\/sertv.gob.pa\/crisolfm\/se-cumplen-11-anos-de-la-muerte-de-mercedes-sosa-la-llamada-voz-de-america\/\"> [&#8230;]<\/a><\/p>\n","protected":false},"author":64,"featured_media":33560,"comment_status":"closed","ping_status":"closed","sticky":false,"template":"","format":"standard","meta":{"footnotes":""},"categories":[6],"tags":[],"class_list":["post-33559","post","type-post","status-publish","format-standard","has-post-thumbnail","hentry","category-culturales"],"_links":{"self":[{"href":"https:\/\/sertv.gob.pa\/crisolfm\/wp-json\/wp\/v2\/posts\/33559","targetHints":{"allow":["GET"]}}],"collection":[{"href":"https:\/\/sertv.gob.pa\/crisolfm\/wp-json\/wp\/v2\/posts"}],"about":[{"href":"https:\/\/sertv.gob.pa\/crisolfm\/wp-json\/wp\/v2\/types\/post"}],"author":[{"embeddable":true,"href":"https:\/\/sertv.gob.pa\/crisolfm\/wp-json\/wp\/v2\/users\/64"}],"replies":[{"embeddable":true,"href":"https:\/\/sertv.gob.pa\/crisolfm\/wp-json\/wp\/v2\/comments?post=33559"}],"version-history":[{"count":1,"href":"https:\/\/sertv.gob.pa\/crisolfm\/wp-json\/wp\/v2\/posts\/33559\/revisions"}],"predecessor-version":[{"id":33561,"href":"https:\/\/sertv.gob.pa\/crisolfm\/wp-json\/wp\/v2\/posts\/33559\/revisions\/33561"}],"wp:featuredmedia":[{"embeddable":true,"href":"https:\/\/sertv.gob.pa\/crisolfm\/wp-json\/wp\/v2\/media\/33560"}],"wp:attachment":[{"href":"https:\/\/sertv.gob.pa\/crisolfm\/wp-json\/wp\/v2\/media?parent=33559"}],"wp:term":[{"taxonomy":"category","embeddable":true,"href":"https:\/\/sertv.gob.pa\/crisolfm\/wp-json\/wp\/v2\/categories?post=33559"},{"taxonomy":"post_tag","embeddable":true,"href":"https:\/\/sertv.gob.pa\/crisolfm\/wp-json\/wp\/v2\/tags?post=33559"}],"curies":[{"name":"wp","href":"https:\/\/api.w.org\/{rel}","templated":true}]}}