{"id":33599,"date":"2020-10-06T13:23:49","date_gmt":"2020-10-06T13:23:49","guid":{"rendered":"https:\/\/sertv.gob.pa\/crisolfm\/?p=33599"},"modified":"2020-10-06T13:23:49","modified_gmt":"2020-10-06T13:23:49","slug":"conectate-con-la-estrella-ofrece-a-traves-de-la-radio-programas-con-temas-motivacionales","status":"publish","type":"post","link":"https:\/\/sertv.gob.pa\/crisolfm\/conectate-con-la-estrella-ofrece-a-traves-de-la-radio-programas-con-temas-motivacionales\/","title":{"rendered":"\u201cCon\u00e9ctate con la Estrella\u201d, ofrece a trav\u00e9s de la radio, programas con temas motivacionales"},"content":{"rendered":"<p>Desde este lunes 5 hasta el viernes 9 de octubre, \u201cCon\u00e9ctate con la estrella\u201d radio, brinda programas con temas de motivaci\u00f3n para estudiantes de premedia y media de todo Panam\u00e1.<\/p>\n<p>De esta manera, por medio de diferentes radioemisoras, se tiene previsto tratar t\u00f3picos psicoemocionales y motivacionales para j\u00f3venes, por medio de c\u00e1psulas psicoeducativas, historias de \u00e9xito en lo nacional, con la participaci\u00f3n de personal de la Direcci\u00f3n Nacional de Educaci\u00f3n Especial y de Intercultural Biling\u00fce del Ministerio de Educaci\u00f3n.<\/p>\n<p>Este lunes, 5 de octubre de 11 a.m. a 4 p.m., psic\u00f3logos compartieron temas como: \u201cSo\u00f1ar y sanar\u201d desde la psicolog\u00eda. Tambi\u00e9n se desarrollaron c\u00e1psulas para la reducci\u00f3n de riesgos por personal de la Direcci\u00f3n de Educaci\u00f3n Ambiental.<\/p>\n<p>Mientras tanto, el martes, 6 de octubre, en horario de 2:00 p.m. a 4:00 p.m., participar\u00e1n psic\u00f3logos de la Universidad de Panam\u00e1, tambi\u00e9n se hablar\u00e1 sobre la Motivaci\u00f3n desde el deporte, educaci\u00f3n en tiempos de COVID-19 en Guna Yala, entre otros.<\/p>\n<p>En ese mismo horario, el mi\u00e9rcoles, 7 de octubre, los oyentes, podr\u00e1n escuchar a expertos, tratar temas sobre la prevenci\u00f3n contra los delitos sexuales y el uso de redes sociales, el desarrollo del lenguaje en los ni\u00f1os y el arte.<\/p>\n<p>Posteriormente, para el jueves, 8 de octubre, se conversar\u00e1 sobre musicoterapia, megafauna marina en Guna Yala y el fortalecimiento de capacidades comunitarias.<\/p>\n<p>Finalmente, el viernes, 9 de octubre, de 2:00 p.m. a 4:00 p.m., se debatir\u00e1n temas relevantes como: educaci\u00f3n especial, orientaci\u00f3n y proyecto de vida. Todos estos temas, ser\u00e1n impartidos por personal capacitado con la finalidad que los j\u00f3venes los escuchen, pues son de ayuda, en tiempos dif\u00edciles de pandemia.<\/p>\n<p>&nbsp;<\/p>\n<p>Fuente: MEDUCA<\/p>\n","protected":false},"excerpt":{"rendered":"<p>Desde este lunes 5 hasta el viernes 9 de octubre, <a href=\"https:\/\/sertv.gob.pa\/crisolfm\/conectate-con-la-estrella-ofrece-a-traves-de-la-radio-programas-con-temas-motivacionales\/\"> [&#8230;]<\/a><\/p>\n","protected":false},"author":64,"featured_media":33600,"comment_status":"closed","ping_status":"closed","sticky":false,"template":"","format":"standard","meta":{"footnotes":""},"categories":[6],"tags":[],"class_list":["post-33599","post","type-post","status-publish","format-standard","has-post-thumbnail","hentry","category-culturales"],"_links":{"self":[{"href":"https:\/\/sertv.gob.pa\/crisolfm\/wp-json\/wp\/v2\/posts\/33599","targetHints":{"allow":["GET"]}}],"collection":[{"href":"https:\/\/sertv.gob.pa\/crisolfm\/wp-json\/wp\/v2\/posts"}],"about":[{"href":"https:\/\/sertv.gob.pa\/crisolfm\/wp-json\/wp\/v2\/types\/post"}],"author":[{"embeddable":true,"href":"https:\/\/sertv.gob.pa\/crisolfm\/wp-json\/wp\/v2\/users\/64"}],"replies":[{"embeddable":true,"href":"https:\/\/sertv.gob.pa\/crisolfm\/wp-json\/wp\/v2\/comments?post=33599"}],"version-history":[{"count":1,"href":"https:\/\/sertv.gob.pa\/crisolfm\/wp-json\/wp\/v2\/posts\/33599\/revisions"}],"predecessor-version":[{"id":33601,"href":"https:\/\/sertv.gob.pa\/crisolfm\/wp-json\/wp\/v2\/posts\/33599\/revisions\/33601"}],"wp:featuredmedia":[{"embeddable":true,"href":"https:\/\/sertv.gob.pa\/crisolfm\/wp-json\/wp\/v2\/media\/33600"}],"wp:attachment":[{"href":"https:\/\/sertv.gob.pa\/crisolfm\/wp-json\/wp\/v2\/media?parent=33599"}],"wp:term":[{"taxonomy":"category","embeddable":true,"href":"https:\/\/sertv.gob.pa\/crisolfm\/wp-json\/wp\/v2\/categories?post=33599"},{"taxonomy":"post_tag","embeddable":true,"href":"https:\/\/sertv.gob.pa\/crisolfm\/wp-json\/wp\/v2\/tags?post=33599"}],"curies":[{"name":"wp","href":"https:\/\/api.w.org\/{rel}","templated":true}]}}