{"id":33616,"date":"2020-10-06T15:53:46","date_gmt":"2020-10-06T15:53:46","guid":{"rendered":"https:\/\/sertv.gob.pa\/crisolfm\/?p=33616"},"modified":"2020-10-06T15:53:46","modified_gmt":"2020-10-06T15:53:46","slug":"180-artesanos-de-ipeti-y-piriati-embera-son-acreditados-por-micultura","status":"publish","type":"post","link":"https:\/\/sertv.gob.pa\/crisolfm\/180-artesanos-de-ipeti-y-piriati-embera-son-acreditados-por-micultura\/","title":{"rendered":"180 artesanos de Ipet\u00ed y Piriat\u00ed Ember\u00e1 son acreditados por MiCultura"},"content":{"rendered":"<p>El Ministerio de Cultura (MiCultura) acredit\u00f3 a ciento ochenta personas de la comunidad de Ipet\u00ed y Piriat\u00ed Ember\u00e1 como artesanas y artesanos, gesti\u00f3n que empodera sus capacidades y mejora significativamente las oportunidades para el desarrollo econ\u00f3mico y social de las comarcas.<\/p>\n<p>Las acreditaciones fueron entregadas por el viceministro de Cultura, Gabriel Gonz\u00e1lez y el Director Nacional de Artesan\u00edas de MiCultura Jaime Luna, quienes resaltaron la importancia de acompa\u00f1arlos en la formalidad de sus emprendimientos para que participen igualmente en programas de capacitaci\u00f3n continua, mercadeo de sus productos y otros beneficios que ayudan a optimizar la calidad de vida de los artesanos paname\u00f1os.<\/p>\n<p>Este primer grupo de artesanos acreditados, compuesto por 95% de damas y un 5% caballeros, cuyas artesan\u00edas est\u00e1n inspiradas en la cultura Ember\u00e1, ser\u00e1n incluidos adem\u00e1s en los programas de MiCultura que ya est\u00e1n en ejecuci\u00f3n como S\u00famate Ya, Panam\u00e1 Solidario y Crea en Panam\u00e1, a\u00f1ade Luna.<\/p>\n<p>Las autoridades y equipo de trabajo de MiCultura fueron recibidos por autoridades del Congreso Ember\u00e1 de las dos comunidades de Alto Bayano, encabezados por Sara Omi Casam\u00e1, presidenta del Congreso quien manifest\u00f3 alegr\u00eda y satisfacci\u00f3n por la iniciativa y compromiso de MiCultura con el grupo de artesanos de Ipet\u00ed y Piriat\u00ed Ember\u00e1.<\/p>\n<p>Las artesan\u00edas de esta regi\u00f3n consisten mayormente en canastas de chunga, m\u00e1scaras, adornos para el hogar, figuras talladas en madera y tagua, collares y otros art\u00edculos en chaquiras, y piezas de vestir. Cada pieza, material o color tiene un mensaje de su entorno natural, sus creencias y costumbres.<\/p>\n<p>Fuente:\u00a0 MiCultura<\/p>\n","protected":false},"excerpt":{"rendered":"<p>El Ministerio de Cultura (MiCultura) acredit\u00f3 a ciento ochenta personas <a href=\"https:\/\/sertv.gob.pa\/crisolfm\/180-artesanos-de-ipeti-y-piriati-embera-son-acreditados-por-micultura\/\"> [&#8230;]<\/a><\/p>\n","protected":false},"author":64,"featured_media":33617,"comment_status":"closed","ping_status":"closed","sticky":false,"template":"","format":"standard","meta":{"footnotes":""},"categories":[6],"tags":[],"class_list":["post-33616","post","type-post","status-publish","format-standard","has-post-thumbnail","hentry","category-culturales"],"_links":{"self":[{"href":"https:\/\/sertv.gob.pa\/crisolfm\/wp-json\/wp\/v2\/posts\/33616","targetHints":{"allow":["GET"]}}],"collection":[{"href":"https:\/\/sertv.gob.pa\/crisolfm\/wp-json\/wp\/v2\/posts"}],"about":[{"href":"https:\/\/sertv.gob.pa\/crisolfm\/wp-json\/wp\/v2\/types\/post"}],"author":[{"embeddable":true,"href":"https:\/\/sertv.gob.pa\/crisolfm\/wp-json\/wp\/v2\/users\/64"}],"replies":[{"embeddable":true,"href":"https:\/\/sertv.gob.pa\/crisolfm\/wp-json\/wp\/v2\/comments?post=33616"}],"version-history":[{"count":1,"href":"https:\/\/sertv.gob.pa\/crisolfm\/wp-json\/wp\/v2\/posts\/33616\/revisions"}],"predecessor-version":[{"id":33618,"href":"https:\/\/sertv.gob.pa\/crisolfm\/wp-json\/wp\/v2\/posts\/33616\/revisions\/33618"}],"wp:featuredmedia":[{"embeddable":true,"href":"https:\/\/sertv.gob.pa\/crisolfm\/wp-json\/wp\/v2\/media\/33617"}],"wp:attachment":[{"href":"https:\/\/sertv.gob.pa\/crisolfm\/wp-json\/wp\/v2\/media?parent=33616"}],"wp:term":[{"taxonomy":"category","embeddable":true,"href":"https:\/\/sertv.gob.pa\/crisolfm\/wp-json\/wp\/v2\/categories?post=33616"},{"taxonomy":"post_tag","embeddable":true,"href":"https:\/\/sertv.gob.pa\/crisolfm\/wp-json\/wp\/v2\/tags?post=33616"}],"curies":[{"name":"wp","href":"https:\/\/api.w.org\/{rel}","templated":true}]}}