{"id":33653,"date":"2020-10-07T13:25:59","date_gmt":"2020-10-07T13:25:59","guid":{"rendered":"https:\/\/sertv.gob.pa\/crisolfm\/?p=33653"},"modified":"2020-10-07T13:28:09","modified_gmt":"2020-10-07T13:28:09","slug":"panama-tiene-representacion-en-el-bolivia-festijazz-2020","status":"publish","type":"post","link":"https:\/\/sertv.gob.pa\/crisolfm\/panama-tiene-representacion-en-el-bolivia-festijazz-2020\/","title":{"rendered":"Panam\u00e1 tiene representaci\u00f3n en el Bolivia FESTIJAZZ 2020"},"content":{"rendered":"<p><span lang=\"es-419\">El cantante <b>Babito Do Carmo<\/b> y guitarrista junto a su banda por un lado y el guitarrista <b>Eli\u00e9cer Izquierdo<\/b> Jazz Fusion Project estar\u00e1n tomando parte en este festival que ser\u00e1 transmitido de forma gratuita a todo el continente.<\/span><\/p>\n<p>Bolivia FestiJazz Internacional, que en su versi\u00f3n 2020 celebra 33 a\u00f1os de vida, reedita su reconocida trayectoria de forma virtual con la participaci\u00f3n de destacadas agrupaciones y artistas visitantes que provienen de diferentes partes del mundo.<\/p>\n<p>El festival arranc\u00f3 ayer martes, 6 de octubre, a partir de la 6:30 PM con la participaci\u00f3n de: Carlos Fischer Band de Bolivia, Bahia de Ascenso de M\u00e9jico y Julis Sanjurjo Tr\u00edo de Argentina.Eli\u00e9cer Izquierdo Jazz Fusion Proyect estar\u00e1 participando este mi\u00e9rcoles 7 junto a Carlos Quir\u00f3s en el bajo y Jordan Zimmerman en la bater\u00eda, abriendo la noche Roberto Morales Ensamble y cerrando Efecto Mandarina ambas bandas de Bolivia.<\/p>\n<p>Eli\u00e9cer inici\u00f3 su carrera musical tocando con Ro\u0301mulo Castro y el Grupo Tuira. Desde entonces ha compartido escena con grande m\u00fasicos nacionales e internacionales como Chucho Valde\u0301s y Luba Mason (Panam\u00e1Jazz Festival), en el Festival Alfredo de Saint-Malo en Panam\u00e1, as\u00ed como en Costa Rica, Venezuela y Alemania. Graduado en el Instituto de M\u00fasica de Panam\u00e1 y bajo la tutela de la guitarrista Teresa Toro, adem\u00e1s tomado aprendizaje con la leyenda del jazz Carlos Garnett y de los guitarristas Patrick Sedoc de Holanda y Patrick Farrant de Alemania. El a\u00f1o pasado comparti\u00f3 tarima con Richard Bona en el Teatro Nacional.<\/p>\n<p>Algunos artistas que han sido de gran inspiraci\u00f3n o influencia para Eli\u00e9cer son R\u00faben Blades y guitarristas como Al Di Meola o Pat Metheny. En el a\u00f1o 2017 edita su disco debut \u201cPanorama\u201d junto a Carlos Quiro\u0301s en el contrabajo y Fidel Dely en la bater\u00eda con la participaci\u00f3n de Valeria Ovando, int\u00e9rprete y actriz quien ha sido corista de Rub\u00e9n Blades en la Rosa de los Vientos. El sonido de su m\u00fasica se caracteriza por ser una fusi\u00f3n entre el jazz y el rock junto con algunos elementos del cl\u00e1sico y folclore paname\u00f1o.<\/p>\n<p>Babito Do Carmocon su voz y guitarra, estar\u00e1 abriendo el d\u00eda s\u00e1bado 10, igualmente a las 6:30 pm, acompa\u00f1ado de su banda compuesta por Marcos Gilkes en la bater\u00eda, Fernando del Rio en el bajo, Jeho Do Carmo y Valeria Obando en las voces. Seguido por Fidel Morales de Cuba, Las Vacas Locas de Bolivia y Adri\u00e1n Iaies Drumless Triode Argentina. Este show es una producci\u00f3n de Claudio Mendoza con el apoyo de Audioconcepts Panam\u00e1y Luis Wicho Phillipsde Audiotek.<\/p>\n<p>Babito do Carmo, lleg\u00f3 a Panam\u00e1 hace 35 a\u00f1os. Nacido en Sao Paulo, Brasil en un barrio llamado Villa Prudente no siempre fue apasionado de la m\u00fasica. \u201cMi pasi\u00f3n era el futbol, pero a ra\u00edz de una lesi\u00f3n en la rodilla tuve que abandonarlo y me comenc\u00e9 a interesar por la guitarra, esto fue como a los 15 a\u00f1os, mi padre fue mi primer maestro. En mi casa siempre hubo mucha m\u00fasica e instrumentos musicales, mis padres ambos eran m\u00fasicos, mi madre dirig\u00eda el coro de la iglesia, tocaba viol\u00edn y bandol\u00edn, y mi padre guitarra, tromb\u00f3n y bandol\u00edn al igual que mi hermana.<\/p>\n<p>Babito es autodidacta y su actual ejecuci\u00f3n se debe a muchas horas de pr\u00e1ctica, asegura. \u201cSin embargo, tambi\u00e9n tuve muy buenos maestros privados y cursos de perfeccionamiento, aqu\u00ed en Panam\u00e1 por ejemplo tuve la oportunidad de aprender sobre ensamble de armon\u00eda con un gran maestro llamado Tige Valderrama. Desde su llegada a Panam\u00e1 ha estado constantemente explorando los ritmos paname\u00f1os y los ha fusionado con los de su pa\u00eds natal.<\/p>\n<p>Ha actuado en Brasil y Costa Rica, pero su mayor presencia p\u00fablica ha sido en este pa\u00eds, donde podr\u00eda decirse que se ha presentado en casi todos los principales teatros, hoteles y clubes de la ciudad de Panam\u00e1 y algunos en otras provincias del pa\u00eds.<\/p>\n<p>Ha participado en 3 ediciones del Panam\u00e1 Jazz Festival organizado por la Fundaci\u00f3n Danilo P\u00e9rez donde se present\u00f3 con su grupo y tambi\u00e9n como solista en 3 versiones del Festival Internacional de Guitarra con sede en Panam\u00e1 entre otros muchos eventos. \u00abMi m\u00fasica, ha evolucionado en este hermoso pa\u00eds donde convergen las razas y donde mis ra\u00edces suramericanas se han entrelazado con elementos de los ritmos tropicales que me permite hoy por hoy poder ofrecer al p\u00fablico que me sigue fielmente y a los nuevos escuchas lo que he denominado.<\/p>\n<p>\u00abLa experiencia de vida en Panam\u00e1 ha sido muy enriquecedora, empezando porque aqu\u00ed consolid\u00e9 mi familia actual, de quienes recibo todo el apoyo en mi carrera musical y me siento feliz de que mi hijo Jeho Do Carmo est\u00e9 ya colaborando en mis proyectos musicales, as\u00ed como mi esposa detr\u00e1s de bastidores. Sus m\u00fasicos favoritos han sido Milton Nacimento y Hermeto Pascual, Pedro Asnar y Pat Metheny. Babito Do Carmo, ha compartido tarima con muchas estrellas de la m\u00fasica, incluyendo a Roberto Carlos, Roberto Perera, Gato Barbieri, Yellow Jackets, Spyro Gyra, Boca Livre, Mocedades, Franco de Vita, Ricardo Montaner, dirigi\u00f3 el grupo de la desaparecida cantante venezolana Mar\u00eda Rivas, as\u00ed como la de la esposa de Wayne Shorter; Carolina Shorter.<\/p>\n<p>Adem\u00e1s, ha compartido con Fidel Morales, Bebeto de Tamba Tr\u00edo, el gran pianista mejicano Irving Lara, Danilo P\u00e9rez, Roberto Delgado, Dino Nuget, Erika Ender, R\u00f3mulo Castro, Patricia Vlieg entre otros.<\/p>\n<p>Tambi\u00e9n ha colaborado con Rub\u00e9n Blades en el disco ganador del Grammy; La Rosa de los Vientos, con la canci\u00f3n Tarde Serena de su autor\u00eda, canci\u00f3n que est\u00e1 en su disco Volando por las Am\u00e9ricas. Cada artista tiene una presentaci\u00f3n de 45 mins. Para m\u00e1s informaci\u00f3n pueden ingresar a boliviafestijazz.org. El festival ser\u00e1 transmitido via Youtube del Teatro NunaEspacio Arte y por el FacebookLive del Bolivia FestiJazz Internacional.<\/p>\n<p>STREAMING<\/p>\n<p>Martes 6 de Octubre 19:30 Hrs<\/p>\n<p>INAUGURACI\u00d3N Carlos Fischer Band &#8211; Bolivia Bah\u00eda de Ascenso &#8211; M\u00e9xico Julia Sanjurjo Tr\u00edo &#8211; Argentina<\/p>\n<p>Mi\u00e9rcoles 7 de Octubre 19:30 Hrs<\/p>\n<p>Roberto Morales Ensamble &#8211; Bolivia Eli\u00e9cer Izquierdo &#8211; Panam\u00e1 Efecto Mandarina &#8211; Bolivia<\/p>\n<p>Jueves 8 de Octubre 19:30 Hrs<\/p>\n<p>Raschid Ale &#8211; Bolivia Carles GR 4tet \u00abColors\u00bb &#8211; Francia Gustavo Orihuela Quartet &#8211; Bolivia<\/p>\n<p>Viernes 9 de Octubre 19:30 Hrs<\/p>\n<p>David Aspi Tr\u00edo &#8211; Bolivia Los Gatos del Agro &#8211; Bolivia Juggernot &#8211; M\u00e9xico<\/p>\n<p>S\u00e1bado 10 de Octubre 19:30 Hrs<\/p>\n<p>Babito Do Carmo &#8211; Panam\u00e1 Fidel Morales &#8211; Cuba Las Vacas Locas &#8211; Bolivia Adri\u00e1n Iaies Drumless Tr\u00edo &#8211; Argentina<\/p>\n<p>Domingo 11 de Octubre 19:30 Hrs<\/p>\n<p>Maya Belsitzman &amp; Matan Ephrat &#8211; Israel Big Band Bolivia &#8211; Bolivia Yayo Morales presenta: The Azar Lawrence Experience &#8211; Theo Saunders Quintet &#8211; System 6 &#8211; Estados Unidos #Em Movimento Quinteto- Brasi<\/p>\n<p>&nbsp;<\/p>\n<p>Fuente:\u00a0 Eclectic Concerts Producciones<\/p>\n","protected":false},"excerpt":{"rendered":"<p>El cantante Babito Do Carmo y guitarrista junto a su <a href=\"https:\/\/sertv.gob.pa\/crisolfm\/panama-tiene-representacion-en-el-bolivia-festijazz-2020\/\"> [&#8230;]<\/a><\/p>\n","protected":false},"author":64,"featured_media":33654,"comment_status":"closed","ping_status":"closed","sticky":false,"template":"","format":"standard","meta":{"footnotes":""},"categories":[6],"tags":[],"class_list":["post-33653","post","type-post","status-publish","format-standard","has-post-thumbnail","hentry","category-culturales"],"_links":{"self":[{"href":"https:\/\/sertv.gob.pa\/crisolfm\/wp-json\/wp\/v2\/posts\/33653","targetHints":{"allow":["GET"]}}],"collection":[{"href":"https:\/\/sertv.gob.pa\/crisolfm\/wp-json\/wp\/v2\/posts"}],"about":[{"href":"https:\/\/sertv.gob.pa\/crisolfm\/wp-json\/wp\/v2\/types\/post"}],"author":[{"embeddable":true,"href":"https:\/\/sertv.gob.pa\/crisolfm\/wp-json\/wp\/v2\/users\/64"}],"replies":[{"embeddable":true,"href":"https:\/\/sertv.gob.pa\/crisolfm\/wp-json\/wp\/v2\/comments?post=33653"}],"version-history":[{"count":3,"href":"https:\/\/sertv.gob.pa\/crisolfm\/wp-json\/wp\/v2\/posts\/33653\/revisions"}],"predecessor-version":[{"id":33657,"href":"https:\/\/sertv.gob.pa\/crisolfm\/wp-json\/wp\/v2\/posts\/33653\/revisions\/33657"}],"wp:featuredmedia":[{"embeddable":true,"href":"https:\/\/sertv.gob.pa\/crisolfm\/wp-json\/wp\/v2\/media\/33654"}],"wp:attachment":[{"href":"https:\/\/sertv.gob.pa\/crisolfm\/wp-json\/wp\/v2\/media?parent=33653"}],"wp:term":[{"taxonomy":"category","embeddable":true,"href":"https:\/\/sertv.gob.pa\/crisolfm\/wp-json\/wp\/v2\/categories?post=33653"},{"taxonomy":"post_tag","embeddable":true,"href":"https:\/\/sertv.gob.pa\/crisolfm\/wp-json\/wp\/v2\/tags?post=33653"}],"curies":[{"name":"wp","href":"https:\/\/api.w.org\/{rel}","templated":true}]}}