{"id":33670,"date":"2020-10-07T15:24:00","date_gmt":"2020-10-07T15:24:00","guid":{"rendered":"https:\/\/sertv.gob.pa\/crisolfm\/?p=33670"},"modified":"2020-10-07T15:24:00","modified_gmt":"2020-10-07T15:24:00","slug":"fundacion-mapfre-abre-en-barcelona-kbr-con-exposiciones-de-brandt-y-strand","status":"publish","type":"post","link":"https:\/\/sertv.gob.pa\/crisolfm\/fundacion-mapfre-abre-en-barcelona-kbr-con-exposiciones-de-brandt-y-strand\/","title":{"rendered":"Fundaci\u00f3n Mapfre abre en Barcelona KBr con exposiciones de Brandt y Strand"},"content":{"rendered":"<p>KBr, el nuevo espacio de la Fundaci\u00f3n Mapfre en la ciudad de Barcelona centrado en la fotograf\u00eda, ha iniciado su andadura con dos exposiciones dedicadas a Will Brandt y Paul Strand, dos de los grandes renovadores de la fotograf\u00eda art\u00edstica en el siglo XX.<\/p>\n<p>KBr es el s\u00edmbolo qu\u00edmico del bromuro de potasio, una sal que se utiliza en el proceso de revelado de la fotograf\u00eda anal\u00f3gica, y da nombre a esta nueva sede de la fundaci\u00f3n en Barcelona que dispone de 1.400 metros cuadrados.<\/p>\n<p>El conservador jefe de fotograf\u00eda de la Fundaci\u00f3n, Carlos Gollonet, ha comentado que \u00abhay ciertos paralelismos en la obra de Brandt y Strand, fundamentalmente por lo que su obra signific\u00f3 de revoluci\u00f3n de la nueva manera de ver la fotograf\u00eda en el siglo XX\u00bb.<\/p>\n<p>Sin embargo, Gollonet ha matizado que \u00absalvo en algunos paisajes, en los que s\u00ed hay ciertas concordancias, la obra de uno y otro no tienen mucho que ver, pues el origen de Strand est\u00e1 en la abstracci\u00f3n y las vanguardias, mientras que en el caso de Brandt se encuentra en el surrealismo y en la teor\u00eda del psicoan\u00e1lisis. Esas dos l\u00edneas que inauguran ambos en el principio de su obra ser\u00e1n una constante a lo largo de toda su carrera\u00bb.<\/p>\n<p>En la sala m\u00e1s extensa de KBr se ha situado la primera retrospectiva que se realiza en Espa\u00f1a sobre Bill Brandt (Hamburgo, 1904-Londres, 1983), considerado uno de los fot\u00f3grafos brit\u00e1nicos m\u00e1s influyentes del siglo XX.<\/p>\n<p>La muestra, comisariada por Ram\u00f3n Esparza, re\u00fane 186 fotograf\u00edas positivadas por el propio Bill Brandt, que a lo largo de casi cinco d\u00e9cadas abord\u00f3 los principales g\u00e9neros de la disciplina fotogr\u00e1fica: reportaje social, retrato, desnudo y paisaje.<\/p>\n<p>El recorrido, dividido en seis secciones, trata de mostrar c\u00f3mo todos estos aspectos -en los que la identidad y el concepto de &#8216;lo siniestro&#8217; se convierten en protagonistas- confluyen en la obra de este ecl\u00e9ctico artista que fue considerado, ante todo, un &#8216;fl\u00e2neur&#8217;, un paseante en t\u00e9rminos similares a los que lo fue su admirado Eug\u00e8ne Atget, a quien siempre consider\u00f3 uno de sus maestros, ha subrayado Esparza.<\/p>\n<p>En el recorrido expositivo se pueden contemplar fotograf\u00edas del Londres de la Segunda Guerra Mundial, tanto de los refugios como de las solitarias calles sin apenas iluminaci\u00f3n, de los mineros del carb\u00f3n o de los paisajes de las Tierras Altas de Escocia.<\/p>\n<p>Esa panor\u00e1mica se completa con sus conocidos retratos a personalidades del mundo de la cultura, como Picasso, Mir\u00f3, Francis Bacon, Pau Casals, Henry Moore, Robert Graves, Magritte, Peter Sellers, Franco Zeffirelli, Graham Greene o E.M.Forster; y su serie de ojos de artistas de clara inspiraci\u00f3n surrealista, entre otros, los de Henry Moore, Georges Braque, Max Ernst, Giacometti o Antoni T\u00e0pies.<\/p>\n<p>Las 186 fotograf\u00edas exhibidas se complementan con escritos, algunas de sus c\u00e1maras de fotos, entre ellas una Rolleiflex y una c\u00e1mara de fotos de madera de las que utilizaba la polic\u00eda y que Brandt adquiri\u00f3 en los a\u00f1os 50, as\u00ed como documentaci\u00f3n, entre la que destaca una entrevista que ofreci\u00f3 al final de su vida a la BBC en 1983, y publicaciones ilustradas de la \u00e9poca.<\/p>\n<p>Los materiales expuestos proceden del Bill Brandt Archive de Londres y de la Edwynn Houk Gallery de Nueva York, y tras su paso por Barcelona, la muestra se podr\u00e1 ver en el Kunstfoyer Versicherungskammer Kulturstiftung de M\u00fanich, en la Sala Recoletos de Fundaci\u00f3n Mapfre en Madrid y en el FOAM de Amsterdam.<\/p>\n<p>Con la segunda exposici\u00f3n, comisariada por Juan Naranjo, la Fundaci\u00f3n inicia un programa de exposiciones en torno a los fondos de su propia colecci\u00f3n, en este caso el fondo de fotos de Paul Strand, que representa el conjunto m\u00e1s amplio de piezas de este fot\u00f3grafo que se conserva fuera de Estados Unidos.<\/p>\n<p>A lo largo de su larga trayectoria, Paul Strand (1890-1976) desempe\u00f1\u00f3 un papel fundamental en la dignificaci\u00f3n de la fotograf\u00eda como una disciplina equiparable a otras expresiones art\u00edsticas y como un medio a trav\u00e9s del cual ver el mundo y comprender nuestro lugar en \u00e9l.<\/p>\n<p>La exposici\u00f3n, compuesta por 110 fotograf\u00edas, permite recorrer la trayectoria de uno de los fot\u00f3grafos m\u00e1s importantes del siglo XX, \u00abimprescindible para comprender el nacimiento y la evoluci\u00f3n de la fotograf\u00eda moderna\u00bb, ha indicado Naranjo.<\/p>\n<p>En el recorrido expositivo se muestran sus geometr\u00edas, los paisajes, los retratos de personas an\u00f3nimas y de diferentes pa\u00edses, que nacen de la manera de trabajar del artista y de su modo de comprender el mundo.<\/p>\n<p>&nbsp;<\/p>\n<p>Fuente:\u00a0 EFE<\/p>\n<p>&nbsp;<\/p>\n","protected":false},"excerpt":{"rendered":"<p>KBr, el nuevo espacio de la Fundaci\u00f3n Mapfre en la <a href=\"https:\/\/sertv.gob.pa\/crisolfm\/fundacion-mapfre-abre-en-barcelona-kbr-con-exposiciones-de-brandt-y-strand\/\"> [&#8230;]<\/a><\/p>\n","protected":false},"author":64,"featured_media":33671,"comment_status":"closed","ping_status":"closed","sticky":false,"template":"","format":"standard","meta":{"footnotes":""},"categories":[6],"tags":[],"class_list":["post-33670","post","type-post","status-publish","format-standard","has-post-thumbnail","hentry","category-culturales"],"_links":{"self":[{"href":"https:\/\/sertv.gob.pa\/crisolfm\/wp-json\/wp\/v2\/posts\/33670","targetHints":{"allow":["GET"]}}],"collection":[{"href":"https:\/\/sertv.gob.pa\/crisolfm\/wp-json\/wp\/v2\/posts"}],"about":[{"href":"https:\/\/sertv.gob.pa\/crisolfm\/wp-json\/wp\/v2\/types\/post"}],"author":[{"embeddable":true,"href":"https:\/\/sertv.gob.pa\/crisolfm\/wp-json\/wp\/v2\/users\/64"}],"replies":[{"embeddable":true,"href":"https:\/\/sertv.gob.pa\/crisolfm\/wp-json\/wp\/v2\/comments?post=33670"}],"version-history":[{"count":1,"href":"https:\/\/sertv.gob.pa\/crisolfm\/wp-json\/wp\/v2\/posts\/33670\/revisions"}],"predecessor-version":[{"id":33672,"href":"https:\/\/sertv.gob.pa\/crisolfm\/wp-json\/wp\/v2\/posts\/33670\/revisions\/33672"}],"wp:featuredmedia":[{"embeddable":true,"href":"https:\/\/sertv.gob.pa\/crisolfm\/wp-json\/wp\/v2\/media\/33671"}],"wp:attachment":[{"href":"https:\/\/sertv.gob.pa\/crisolfm\/wp-json\/wp\/v2\/media?parent=33670"}],"wp:term":[{"taxonomy":"category","embeddable":true,"href":"https:\/\/sertv.gob.pa\/crisolfm\/wp-json\/wp\/v2\/categories?post=33670"},{"taxonomy":"post_tag","embeddable":true,"href":"https:\/\/sertv.gob.pa\/crisolfm\/wp-json\/wp\/v2\/tags?post=33670"}],"curies":[{"name":"wp","href":"https:\/\/api.w.org\/{rel}","templated":true}]}}